{"id":1339,"date":"2026-02-20T10:35:45","date_gmt":"2026-02-20T09:35:45","guid":{"rendered":"http:\/\/www.kulturei.ch\/?p=1339"},"modified":"2026-06-10T12:07:19","modified_gmt":"2026-06-10T10:07:19","slug":"saisonstart","status":"publish","type":"post","link":"https:\/\/www.kulturei.ch\/?p=1339","title":{"rendered":"Willkommen bei der Kulturei"},"content":{"rendered":"<p><strong>Gesch\u00e4tzte Mitglieder, G\u00f6nner, Sponsoren so wie Freunde der Kulturei und die Gemeinde Sumiswald<\/strong><\/p>\n<p>Wir begr\u00fcssen Sie herzlich auf unserer Webseite.<\/p>\n<h2><strong>Kommende Veranstaltung<\/strong><\/h2>\n<p><a href=\"https:\/\/www.kulturei.ch\/?tribe_events=pesche-heiniger-drus-u-daenne\"><strong>28. August 2026<\/strong><\/a><br \/>\nPesche Heiniger &#8211; &#171;drus u d\u00e4nne&#187;<br \/>\n<a href=\"https:\/\/www.kulturei.ch\/?tribe_events=pesche-heiniger-drus-u-daenne\"><img loading=\"lazy\" decoding=\"async\" class=\"alignleft wp-image-1866 size-medium\" src=\"https:\/\/www.kulturei.ch\/wp-content\/uploads\/2026\/06\/PESCHEheiniger_1-300x211.jpg\" alt=\"\" width=\"300\" height=\"211\" srcset=\"https:\/\/www.kulturei.ch\/wp-content\/uploads\/2026\/06\/PESCHEheiniger_1-300x211.jpg 300w, https:\/\/www.kulturei.ch\/wp-content\/uploads\/2026\/06\/PESCHEheiniger_1-1024x722.jpg 1024w, https:\/\/www.kulturei.ch\/wp-content\/uploads\/2026\/06\/PESCHEheiniger_1-768x541.jpg 768w, https:\/\/www.kulturei.ch\/wp-content\/uploads\/2026\/06\/PESCHEheiniger_1-1536x1083.jpg 1536w, https:\/\/www.kulturei.ch\/wp-content\/uploads\/2026\/06\/PESCHEheiniger_1-2048x1444.jpg 2048w\" sizes=\"auto, (max-width: 300px) 100vw, 300px\" \/><\/a><\/p>\n<p>&nbsp;<\/p>\n","protected":false},"excerpt":{"rendered":"<p>Gesch\u00e4tzte Mitglieder, G\u00f6nner, Sponsoren so wie Freunde der Kulturei und die Gemeinde Sumiswald Wir begr\u00fcssen Sie herzlich auf unserer Webseite. Kommende Veranstaltung 28. August 2026 Pesche Heiniger &#8211; &#171;drus u d\u00e4nne&#187; &nbsp;<\/p>\n","protected":false},"author":1,"featured_media":0,"comment_status":"closed","ping_status":"closed","sticky":false,"template":"","format":"standard","meta":{"_price":"","_stock":"","_tribe_ticket_header":"","_tribe_default_ticket_provider":"","_tribe_ticket_capacity":"0","_ticket_start_date":"","_ticket_end_date":"","_tribe_ticket_show_description":"","_tribe_ticket_show_not_going":false,"_tribe_ticket_use_global_stock":"","_tribe_ticket_global_stock_level":"","_global_stock_mode":"","_global_stock_cap":"","_tribe_rsvp_for_event":"","_tribe_ticket_going_count":"","_tribe_ticket_not_going_count":"","_tribe_tickets_list":"[]","_tribe_ticket_has_attendee_info_fields":false,"footnotes":""},"categories":[1],"tags":[],"class_list":["post-1339","post","type-post","status-publish","format-standard","hentry","category-allgemein"],"_links":{"self":[{"href":"https:\/\/www.kulturei.ch\/index.php?rest_route=\/wp\/v2\/posts\/1339","targetHints":{"allow":["GET"]}}],"collection":[{"href":"https:\/\/www.kulturei.ch\/index.php?rest_route=\/wp\/v2\/posts"}],"about":[{"href":"https:\/\/www.kulturei.ch\/index.php?rest_route=\/wp\/v2\/types\/post"}],"author":[{"embeddable":true,"href":"https:\/\/www.kulturei.ch\/index.php?rest_route=\/wp\/v2\/users\/1"}],"replies":[{"embeddable":true,"href":"https:\/\/www.kulturei.ch\/index.php?rest_route=%2Fwp%2Fv2%2Fcomments&post=1339"}],"version-history":[{"count":27,"href":"https:\/\/www.kulturei.ch\/index.php?rest_route=\/wp\/v2\/posts\/1339\/revisions"}],"predecessor-version":[{"id":1881,"href":"https:\/\/www.kulturei.ch\/index.php?rest_route=\/wp\/v2\/posts\/1339\/revisions\/1881"}],"wp:attachment":[{"href":"https:\/\/www.kulturei.ch\/index.php?rest_route=%2Fwp%2Fv2%2Fmedia&parent=1339"}],"wp:term":[{"taxonomy":"category","embeddable":true,"href":"https:\/\/www.kulturei.ch\/index.php?rest_route=%2Fwp%2Fv2%2Fcategories&post=1339"},{"taxonomy":"post_tag","embeddable":true,"href":"https:\/\/www.kulturei.ch\/index.php?rest_route=%2Fwp%2Fv2%2Ftags&post=1339"}],"curies":[{"name":"wp","href":"https:\/\/api.w.org\/{rel}","templated":true}]}}