{"id":757,"global_id":"www.kulturei.ch?id=757","global_id_lineage":["www.kulturei.ch?id=757"],"author":"1","status":"publish","date":"2020-01-25 14:02:07","date_utc":"2020-01-25 13:02:07","modified":"2020-01-27 14:52:12","modified_utc":"2020-01-27 13:52:12","url":"https:\/\/www.kulturei.ch\/?tribe_events=schloss-poetry-slam","rest_url":"https:\/\/www.kulturei.ch\/index.php?rest_route=\/tribe\/events\/v1\/events\/757","title":"Schloss Poetry Slam","description":"<p><strong>Das Wortgefecht der Sprachgigantinnen und Sprachgiganten geht in die zweite Runde!<\/strong><\/p>\n<p>Im altehrw\u00fcrdigen Rittersaal im Schloss Sumiswald begr\u00fcssen wir auf der B\u00fchne sechs Poeten und Poetinnen im Kampf um Ruhm, Ehre und nat\u00fcrlich die obligate Flasche schottisches Lebenselixier.<\/p>\n<p><strong>Andreas Kessler<\/strong> &#8211; Bern<br \/>\n<strong>Martina H\u00fcgi<\/strong> &#8211; Thurgau<br \/>\n<strong>Dominik Muheim<\/strong> &#8211; Basel<br \/>\n<strong>Jachen Wehrli<\/strong> &#8211; Graub\u00fcnden<br \/>\n<strong>Sarah Altenaichinger<\/strong> &#8211; Basel<br \/>\n<strong>Raphael Reift<\/strong> &#8211; Bern<\/p>\n<p><strong>Moderation: Peter Heiniger<\/strong><\/p>\n<p><strong>Eintritt:<\/strong> 25.- (Mitglieder Kulturei: Erm\u00e4ssigung Fr.5.-)<\/p>\n<p><strong>T\u00fcr\u00f6ffnung:<\/strong> 19.30Uhr \/ <strong>Beginn:<\/strong> 20.00 Uhr<\/p>","excerpt":"","slug":"schloss-poetry-slam","image":{"url":"https:\/\/www.kulturei.ch\/wp-content\/uploads\/2020\/01\/slam.png","id":758,"extension":"png","width":1465,"height":1032,"sizes":{"thumbnail":{"width":150,"height":150,"mime-type":"image\/png","url":"https:\/\/www.kulturei.ch\/wp-content\/uploads\/2020\/01\/slam-150x150.png"},"medium":{"width":300,"height":211,"mime-type":"image\/png","url":"https:\/\/www.kulturei.ch\/wp-content\/uploads\/2020\/01\/slam-300x211.png"},"medium_large":{"width":768,"height":541,"mime-type":"image\/png","url":"https:\/\/www.kulturei.ch\/wp-content\/uploads\/2020\/01\/slam-768x541.png"},"large":{"width":1024,"height":721,"mime-type":"image\/png","url":"https:\/\/www.kulturei.ch\/wp-content\/uploads\/2020\/01\/slam-1024x721.png"},"post-thumbnail":{"width":940,"height":198,"mime-type":"image\/png","url":"https:\/\/www.kulturei.ch\/wp-content\/uploads\/2020\/01\/slam-940x198.png"}}},"all_day":false,"start_date":"2020-03-07 20:00:00","start_date_details":{"year":"2020","month":"03","day":"07","hour":"20","minutes":"00","seconds":"00"},"end_date":"2020-03-07 20:00:00","end_date_details":{"year":"2020","month":"03","day":"07","hour":"20","minutes":"00","seconds":"00"},"utc_start_date":"2020-03-07 19:00:00","utc_start_date_details":{"year":"2020","month":"03","day":"07","hour":"19","minutes":"00","seconds":"00"},"utc_end_date":"2020-03-07 19:00:00","utc_end_date_details":{"year":"2020","month":"03","day":"07","hour":"19","minutes":"00","seconds":"00"},"timezone":"Europe\/Berlin","timezone_abbr":"CET","cost":"- - CHF25.00","cost_details":{"currency_symbol":"CHF","currency_code":"","currency_position":"suffix","values":["0","25"]},"website":"","show_map":false,"show_map_link":true,"hide_from_listings":false,"sticky":false,"featured":false,"categories":[],"tags":[],"venue":{"id":420,"author":"1","status":"publish","date":"2018-08-14 12:59:55","date_utc":"2018-08-14 10:59:55","modified":"2018-08-14 12:59:55","modified_utc":"2018-08-14 10:59:55","url":"https:\/\/www.kulturei.ch\/?tribe_venue=schloss-sumiswald","venue":"Schloss Sumiswald","slug":"schloss-sumiswald","address":"Schloss 88","city":"Sumiswald","country":"Switzerland","zip":"3454","json_ld":{"@type":"Place","name":"Schloss Sumiswald","description":"","url":"","address":{"@type":"PostalAddress","streetAddress":"Schloss 88","addressLocality":"Sumiswald","postalCode":"3454","addressCountry":"Switzerland"},"telephone":"","sameAs":""},"show_map":false,"show_map_link":true,"global_id":"www.kulturei.ch?id=420","global_id_lineage":["www.kulturei.ch?id=420"]},"organizer":[{"id":173,"author":"1","status":"publish","date":"2016-08-25 09:49:54","date_utc":"2016-08-25 07:49:54","modified":"2016-08-25 09:49:54","modified_utc":"2016-08-25 07:49:54","url":"https:\/\/www.kulturei.ch\/?tribe_organizer=kulturei","organizer":"Kulturei","slug":"kulturei","email":"info@kulturei.ch","json_ld":{"@type":"Person","name":"Kulturei","description":"","url":"","telephone":"","email":"&#105;&#110;f&#111;&#64;k&#117;&#108;tur&#101;&#105;&#46;c&#104;","sameAs":""},"global_id":"www.kulturei.ch?id=173","global_id_lineage":["www.kulturei.ch?id=173"]}],"custom_fields":[],"json_ld":{"@context":"http:\/\/schema.org","@type":"Event","name":"Schloss Poetry Slam","description":"&lt;p&gt;Das Wortgefecht der Sprachgigantinnen und Sprachgiganten geht in die zweite Runde! Im altehrw\u00fcrdigen Rittersaal im Schloss Sumiswald begr\u00fcssen wir auf der B\u00fchne sechs Poeten und Poetinnen im Kampf um Ruhm, Ehre und nat\u00fcrlich die obligate Flasche schottisches Lebenselixier. Andreas Kessler &hellip; &lt;a href=&quot;https:\/\/www.kulturei.ch\/?tribe_events=schloss-poetry-slam&quot;&gt;Weiterlesen &lt;span class=&quot;meta-nav&quot;&gt;&rarr;&lt;\/span&gt;&lt;\/a&gt;&lt;\/p&gt;\\n","image":"https:\/\/www.kulturei.ch\/wp-content\/uploads\/2020\/01\/slam.png","url":"https:\/\/www.kulturei.ch\/?tribe_events=schloss-poetry-slam","offers":[{"@type":"Offer","url":"https:\/\/www.kulturei.ch\/?tribe_events=schloss-poetry-slam","price":"0","category":"primary","availability":"InStock","priceCurrency":"USD","validFrom":"2020-01-25T00:00:00+00:00","validThrough":"2020-03-07T00:00:00+00:00"}],"eventAttendanceMode":"https:\/\/schema.org\/OfflineEventAttendanceMode","eventStatus":"https:\/\/schema.org\/EventScheduled","startDate":"2020-03-07T20:00:00+01:00","endDate":"2020-03-07T20:00:00+01:00","location":{"@type":"Place","name":"Schloss Sumiswald","description":"","url":"","address":{"@type":"PostalAddress","streetAddress":"Schloss 88","addressLocality":"Sumiswald","postalCode":"3454","addressCountry":"Switzerland"},"telephone":"","sameAs":""},"organizer":{"@type":"Person","name":"Kulturei","description":"","url":"","telephone":"","email":"inf&#111;&#64;k&#117;ltu&#114;ei&#46;c&#104;","sameAs":""},"performer":"Organization"},"ticketed":["rsvp"]}