{"id":678,"global_id":"www.kulturei.ch?id=678","global_id_lineage":["www.kulturei.ch?id=678"],"author":"1","status":"publish","date":"2019-11-26 09:21:03","date_utc":"2019-11-26 08:21:03","modified":"2019-12-20 09:28:11","modified_utc":"2019-12-20 08:28:11","url":"https:\/\/www.kulturei.ch\/?tribe_events=kulinarik-und-musik-2","rest_url":"https:\/\/www.kulturei.ch\/index.php?rest_route=\/tribe\/events\/v1\/events\/678","title":"Kulinarik und Musik","description":"<p>Mit Lehrkr\u00e4ften der Musikschule Sumiswald und der LB Dance Company:<\/p>\n<p><strong>Musik:<\/strong><br \/>\nJoyce-Carolyn Bahner, Klavier<br \/>\nMarc Bonastre Riu, Oboe<br \/>\nLivia Gucanin, Querfl\u00f6te<br \/>\nCharles Jann, Klavier<br \/>\nSara J\u00e4ggi, Sopran<br \/>\nHanspeter Mosimann, Sopransaxofon\/Klarinette<br \/>\nTatjana von Gunten-Massalova, Klavier<\/p>\n<p><strong>Tanz:<\/strong><br \/>\nRuth Geissb\u00fchler, Mirjam Held, Lyn R\u00f6thlisberger, Mirjam Sch\u00fctz, Moana Steinmann, Fiona Stucki<br \/>\nB\u00e9atrice Bichsel: Konzept\/Choreografie\/Kost\u00fcme<\/p>\n<p><strong>Menu:<\/strong><br \/>\nMehrgangmenu (mit vegetarischer Variante) Erwachsene: 45.-<br \/>\n(Kindermenu auf Anfrage)<\/p>\n<p><strong>T\u00fcr\u00f6ffnung:<\/strong> 18:30 Uhr \/ <strong>Konzertbeginn:<\/strong> 19:00 Uhr<\/p>\n<p><strong>Reservation ist erforderlich!<br \/>\n<\/strong>Anmeldung bis Samstag, 04. Januar 2020 beim\u00a0<a href=\"http:\/\/www.baeren-sumiswald.ch\/\" target=\"_blank\" rel=\"noopener noreferrer\">Landgasthof B\u00e4ren<\/a> Sumiswald<br \/>\n<strong>Telefon:<\/strong>\u00a0034 431 10 22<br \/>\n<strong>E-Mail:<\/strong> hotel@baeren-sumiswald.ch<\/p>","excerpt":"","slug":"kulinarik-und-musik-2","image":{"url":"https:\/\/www.kulturei.ch\/wp-content\/uploads\/2019\/11\/kum.png","id":679,"extension":"png","width":1359,"height":958,"sizes":{"thumbnail":{"width":150,"height":150,"mime-type":"image\/png","url":"https:\/\/www.kulturei.ch\/wp-content\/uploads\/2019\/11\/kum-150x150.png"},"medium":{"width":300,"height":211,"mime-type":"image\/png","url":"https:\/\/www.kulturei.ch\/wp-content\/uploads\/2019\/11\/kum-300x211.png"},"medium_large":{"width":768,"height":541,"mime-type":"image\/png","url":"https:\/\/www.kulturei.ch\/wp-content\/uploads\/2019\/11\/kum-768x541.png"},"large":{"width":1024,"height":722,"mime-type":"image\/png","url":"https:\/\/www.kulturei.ch\/wp-content\/uploads\/2019\/11\/kum-1024x722.png"},"post-thumbnail":{"width":940,"height":198,"mime-type":"image\/png","url":"https:\/\/www.kulturei.ch\/wp-content\/uploads\/2019\/11\/kum-940x198.png"}}},"all_day":false,"start_date":"2020-01-10 19:00:00","start_date_details":{"year":"2020","month":"01","day":"10","hour":"19","minutes":"00","seconds":"00"},"end_date":"2020-01-10 19:00:00","end_date_details":{"year":"2020","month":"01","day":"10","hour":"19","minutes":"00","seconds":"00"},"utc_start_date":"2020-01-10 18:00:00","utc_start_date_details":{"year":"2020","month":"01","day":"10","hour":"18","minutes":"00","seconds":"00"},"utc_end_date":"2020-01-10 18:00:00","utc_end_date_details":{"year":"2020","month":"01","day":"10","hour":"18","minutes":"00","seconds":"00"},"timezone":"Europe\/Berlin","timezone_abbr":"CET","cost":"","cost_details":{"currency_symbol":"","currency_code":"","currency_position":"prefix","values":[]},"website":"","show_map":false,"show_map_link":false,"hide_from_listings":false,"sticky":false,"featured":false,"categories":[],"tags":[],"venue":{"id":119,"author":"1","status":"publish","date":"2015-10-23 15:11:19","date_utc":"2015-10-23 13:11:19","modified":"2015-10-23 15:11:19","modified_utc":"2015-10-23 13:11:19","url":"https:\/\/www.kulturei.ch\/?tribe_venue=landgasthof-baren","venue":"Landgasthof B\u00e4ren","slug":"landgasthof-baren","address":"Marktgasse 1","city":"Sumiswald","country":"Schweiz","province":"Bern","zip":"3454","stateprovince":"Bern","json_ld":{"@type":"Place","name":"Landgasthof B\u00e4ren","description":"","url":"","address":{"@type":"PostalAddress","streetAddress":"Marktgasse 1","addressLocality":"Sumiswald","addressRegion":"Bern","postalCode":"3454","addressCountry":"Schweiz"},"telephone":"","sameAs":""},"show_map":true,"show_map_link":true,"global_id":"www.kulturei.ch?id=119","global_id_lineage":["www.kulturei.ch?id=119"]},"organizer":[{"id":173,"author":"1","status":"publish","date":"2016-08-25 09:49:54","date_utc":"2016-08-25 07:49:54","modified":"2016-08-25 09:49:54","modified_utc":"2016-08-25 07:49:54","url":"https:\/\/www.kulturei.ch\/?tribe_organizer=kulturei","organizer":"Kulturei","slug":"kulturei","email":"info@kulturei.ch","json_ld":{"@type":"Person","name":"Kulturei","description":"","url":"","telephone":"","email":"&#105;&#110;fo&#64;&#107;&#117;l&#116;u&#114;ei.ch","sameAs":""},"global_id":"www.kulturei.ch?id=173","global_id_lineage":["www.kulturei.ch?id=173"]}],"custom_fields":[],"json_ld":{"@context":"http:\/\/schema.org","@type":"Event","name":"Kulinarik und Musik","description":"&lt;p&gt;Mit Lehrkr\u00e4ften der Musikschule Sumiswald und der LB Dance Company: Musik: Joyce-Carolyn Bahner, Klavier Marc Bonastre Riu, Oboe Livia Gucanin, Querfl\u00f6te Charles Jann, Klavier Sara J\u00e4ggi, Sopran Hanspeter Mosimann, Sopransaxofon\/Klarinette Tatjana von Gunten-Massalova, Klavier Tanz: Ruth Geissb\u00fchler, Mirjam Held, Lyn &hellip; &lt;a href=&quot;https:\/\/www.kulturei.ch\/?tribe_events=kulinarik-und-musik-2&quot;&gt;Weiterlesen &lt;span class=&quot;meta-nav&quot;&gt;&rarr;&lt;\/span&gt;&lt;\/a&gt;&lt;\/p&gt;\\n","image":"https:\/\/www.kulturei.ch\/wp-content\/uploads\/2019\/11\/kum.png","url":"https:\/\/www.kulturei.ch\/?tribe_events=kulinarik-und-musik-2","eventAttendanceMode":"https:\/\/schema.org\/OfflineEventAttendanceMode","eventStatus":"https:\/\/schema.org\/EventScheduled","startDate":"2020-01-10T19:00:00+01:00","endDate":"2020-01-10T19:00:00+01:00","location":{"@type":"Place","name":"Landgasthof B\u00e4ren","description":"","url":"","address":{"@type":"PostalAddress","streetAddress":"Marktgasse 1","addressLocality":"Sumiswald","addressRegion":"Bern","postalCode":"3454","addressCountry":"Schweiz"},"telephone":"","sameAs":""},"organizer":{"@type":"Person","name":"Kulturei","description":"","url":"","telephone":"","email":"&#105;&#110;f&#111;&#64;&#107;u&#108;tu&#114;ei&#46;&#99;&#104;","sameAs":""},"performer":"Organization"},"ticketed":false}