{"id":628,"global_id":"www.kulturei.ch?id=628","global_id_lineage":["www.kulturei.ch?id=628"],"author":"1","status":"publish","date":"2019-07-26 11:31:25","date_utc":"2019-07-26 09:31:25","modified":"2019-07-26 11:44:19","modified_utc":"2019-07-26 09:44:19","url":"https:\/\/www.kulturei.ch\/?tribe_events=trio-sommer","rest_url":"https:\/\/www.kulturei.ch\/index.php?rest_route=\/tribe\/events\/v1\/events\/628","title":"Trio Sommer","description":"<p><img loading=\"lazy\" decoding=\"async\" class=\"alignleft size-large wp-image-630\" src=\"https:\/\/www.kulturei.ch\/wp-content\/uploads\/2019\/07\/TRIO-sommer-1024x722.jpg\" alt=\"\" width=\"640\" height=\"451\" srcset=\"https:\/\/www.kulturei.ch\/wp-content\/uploads\/2019\/07\/TRIO-sommer-1024x722.jpg 1024w, https:\/\/www.kulturei.ch\/wp-content\/uploads\/2019\/07\/TRIO-sommer-300x211.jpg 300w, https:\/\/www.kulturei.ch\/wp-content\/uploads\/2019\/07\/TRIO-sommer-768x541.jpg 768w\" sizes=\"auto, (max-width: 640px) 100vw, 640px\" \/><\/p>\n<p>Freitag, 9. August 2019<br \/>\n20.30 Uhr Kirchgemeindehaus Sumiswald<\/p>\n<p>Wurzeln im Emmental und aufgewachsen in Mexiko. Die Geschwister des Trios Sommer werden uns musikalisch die mexikanische Lebensfreude nach Sumiswald bringen. Einige der bekanntesten mexikanischen Melodien, wurden durch den Vater der drei Geschwister, Marcos Roberto Pe\u00f1a Quesada, speziell f\u00fcr diesen Anlass neu arrangiert. Nebst klassischen und mexikanischen Kl\u00e4ngen wird die Fotografin Claudia Irais Morato Mesa Bilder aus ihrer fernen Heimat pr\u00e4sentieren.<\/p>\n<p>Roberto Pe\u00f1a Sommer: Violine<br \/>\nAna Catalina Pe\u00f1a Sommer: Querfl\u00f6te<br \/>\nRodolfo Pe\u00f1a Sommer: Klavier<\/p>\n<p><strong>Eintritt: 20.-<\/strong><br \/>\nMitglieder Kulturei: Erm\u00e4ssigung 5.-<br \/>\nSch\u00fcler\/innen: gratis<br \/>\n<strong>Abendkasse: ab 20.00 \/ Konzertbeginn 20.30<\/strong><\/p>","excerpt":"","slug":"trio-sommer","image":false,"all_day":false,"start_date":"2019-08-09 20:00:00","start_date_details":{"year":"2019","month":"08","day":"09","hour":"20","minutes":"00","seconds":"00"},"end_date":"2019-08-09 20:00:00","end_date_details":{"year":"2019","month":"08","day":"09","hour":"20","minutes":"00","seconds":"00"},"utc_start_date":"2019-08-09 18:00:00","utc_start_date_details":{"year":"2019","month":"08","day":"09","hour":"18","minutes":"00","seconds":"00"},"utc_end_date":"2019-08-09 18:00:00","utc_end_date_details":{"year":"2019","month":"08","day":"09","hour":"18","minutes":"00","seconds":"00"},"timezone":"Europe\/Berlin","timezone_abbr":"CEST","cost":"CHF20.00","cost_details":{"currency_symbol":"CHF","currency_code":"","currency_position":"prefix","values":["20"]},"website":"","show_map":false,"show_map_link":false,"hide_from_listings":false,"sticky":false,"featured":false,"categories":[],"tags":[],"venue":{"id":27,"author":"1","status":"publish","date":"2015-08-27 15:04:34","date_utc":"2015-08-27 13:04:34","modified":"2026-09-02 12:22:19","modified_utc":"2026-09-02 10:22:19","url":"https:\/\/www.kulturei.ch\/?tribe_venue=kirchgemeindehaus","venue":"Kirchgemeindehaus Sumiswald","slug":"kirchgemeindehaus","address":"L\u00fctoldstrasse 8","city":"Sumiswald","zip":"3454","json_ld":{"@type":"Place","name":"Kirchgemeindehaus Sumiswald","description":"","url":"","address":{"@type":"PostalAddress","streetAddress":"L\u00fctoldstrasse 8","addressLocality":"Sumiswald","postalCode":"3454"},"telephone":"","sameAs":""},"show_map":false,"show_map_link":true,"global_id":"www.kulturei.ch?id=27","global_id_lineage":["www.kulturei.ch?id=27"]},"organizer":[],"custom_fields":[],"json_ld":{"@context":"http:\/\/schema.org","@type":"Event","name":"Trio Sommer","description":"&lt;p&gt;Freitag, 9. August 2019 20.30 Uhr Kirchgemeindehaus Sumiswald Wurzeln im Emmental und aufgewachsen in Mexiko. Die Geschwister des Trios Sommer werden uns musikalisch die mexikanische Lebensfreude nach Sumiswald bringen. Einige der bekanntesten mexikanischen Melodien, wurden durch den Vater der drei &hellip; &lt;a href=&quot;https:\/\/www.kulturei.ch\/?tribe_events=trio-sommer&quot;&gt;Weiterlesen &lt;span class=&quot;meta-nav&quot;&gt;&rarr;&lt;\/span&gt;&lt;\/a&gt;&lt;\/p&gt;\\n","url":"https:\/\/www.kulturei.ch\/?tribe_events=trio-sommer","offers":[{"@type":"Offer","url":"https:\/\/www.kulturei.ch\/?tribe_events=trio-sommer","price":"0","category":"primary","availability":"InStock","priceCurrency":"USD","validFrom":"2019-07-26T00:00:00+00:00","validThrough":"2019-08-09T00:00:00+00:00"}],"eventAttendanceMode":"https:\/\/schema.org\/OfflineEventAttendanceMode","eventStatus":"https:\/\/schema.org\/EventScheduled","startDate":"2019-08-09T20:00:00+02:00","endDate":"2019-08-09T20:00:00+02:00","location":{"@type":"Place","name":"Kirchgemeindehaus Sumiswald","description":"","url":"","address":{"@type":"PostalAddress","streetAddress":"L\u00fctoldstrasse 8","addressLocality":"Sumiswald","postalCode":"3454"},"telephone":"","sameAs":""},"performer":"Organization"},"ticketed":["rsvp"]}