{"id":362,"global_id":"www.kulturei.ch?id=362","global_id_lineage":["www.kulturei.ch?id=362"],"author":"1","status":"publish","date":"2018-03-20 13:37:11","date_utc":"2018-03-20 12:37:11","modified":"2018-03-20 18:42:17","modified_utc":"2018-03-20 17:42:17","url":"https:\/\/www.kulturei.ch\/?tribe_events=acoustic-night-3","rest_url":"https:\/\/www.kulturei.ch\/index.php?rest_route=\/tribe\/events\/v1\/events\/362","title":"Acoustic Night 3","description":"<p>Ein drittes Mal heisst es ACOUSTIC NIGHT.<br \/>\nIn diesem Jahr wieder im sch\u00f6nen <a href=\"http:\/\/www.gruetli.ch\" target=\"_blank\" rel=\"noopener\">Restaurant Gr\u00fctli<\/a> Wasen! Beginn: 19:30 \/ Eintritt frei!<br \/>\nWir freuen uns auf euch und diese K\u00fcnstler:<\/p>\n<p><strong><img loading=\"lazy\" decoding=\"async\" class=\"alignleft size-medium wp-image-364\" src=\"https:\/\/www.kulturei.ch\/wp-content\/uploads\/2018\/03\/phil-300x300.jpg\" alt=\"\" width=\"300\" height=\"300\" srcset=\"https:\/\/www.kulturei.ch\/wp-content\/uploads\/2018\/03\/phil-300x300.jpg 300w, https:\/\/www.kulturei.ch\/wp-content\/uploads\/2018\/03\/phil-150x150.jpg 150w, https:\/\/www.kulturei.ch\/wp-content\/uploads\/2018\/03\/phil.jpg 500w\" sizes=\"auto, (max-width: 300px) 100vw, 300px\" \/>Phil Obie\u00a0<\/strong><br \/>\nDer Singer und Songwriter aus Richigen \/ BE verzaubert immer wieder mit seiner charismatisch klaren Stimme begleitet von seiner Gitarre! Mit seinen eigen komponierten Songs von Pop, Rock hin zu Blues, Funk und Soul wird dem Zuh\u00f6rer einen abwechslungsreichen, interessanten und unvergesslichen H\u00f6rgenuss geboten!<br \/>\nH\u00f6rproben auf Soundcloud: <a href=\"https:\/\/soundcloud.com\/phil-obie\" target=\"_blank\" rel=\"noopener\">https:\/\/soundcloud.com\/phil-obie<\/a><\/p>\n<p>&nbsp;<\/p>\n<p><strong><img loading=\"lazy\" decoding=\"async\" class=\"alignleft size-medium wp-image-366\" src=\"https:\/\/www.kulturei.ch\/wp-content\/uploads\/2018\/03\/andy-300x300.jpg\" alt=\"\" width=\"300\" height=\"300\" srcset=\"https:\/\/www.kulturei.ch\/wp-content\/uploads\/2018\/03\/andy-300x300.jpg 300w, https:\/\/www.kulturei.ch\/wp-content\/uploads\/2018\/03\/andy-150x150.jpg 150w, https:\/\/www.kulturei.ch\/wp-content\/uploads\/2018\/03\/andy-768x768.jpg 768w, https:\/\/www.kulturei.ch\/wp-content\/uploads\/2018\/03\/andy.jpg 1000w\" sizes=\"auto, (max-width: 300px) 100vw, 300px\" \/>Andy May &amp; Friends<\/strong><br \/>\nDer Burgdorfer Singer- Songbegleiter hat nicht nur Mundartlieder zum mitsingen, sondern hat auch seine Freunde mit dabei! Mit viel Spass und Ironie interpretieren die jungen Herren bekannte Lieder so, wie sie das Emmental noch nie zuvor geh\u00f6rt hat!<br \/>\nVideo: <a href=\"https:\/\/www.youtube.com\/watch?v=IiSZZxYvUzI\" target=\"_blank\" rel=\"noopener\">Andy May &amp; Friends live<\/a><\/p>\n<p>&nbsp;<\/p>\n<p>&nbsp;<\/p>\n<p>&nbsp;<\/p>\n<p><strong><img loading=\"lazy\" decoding=\"async\" class=\"alignleft size-medium wp-image-365\" src=\"https:\/\/www.kulturei.ch\/wp-content\/uploads\/2018\/03\/smgkobe-300x300.jpg\" alt=\"\" width=\"300\" height=\"300\" srcset=\"https:\/\/www.kulturei.ch\/wp-content\/uploads\/2018\/03\/smgkobe-300x300.jpg 300w, https:\/\/www.kulturei.ch\/wp-content\/uploads\/2018\/03\/smgkobe-150x150.jpg 150w, https:\/\/www.kulturei.ch\/wp-content\/uploads\/2018\/03\/smgkobe.jpg 600w\" sizes=\"auto, (max-width: 300px) 100vw, 300px\" \/>Seemann Kobe (mit Phil &amp; M\u00e4tu)<\/strong><br \/>\nKobe hat die Gitarre, seine raue Stimme und zwei alte Seem\u00e4nner im Gep\u00e4ck. Er erz\u00e4hlt Geschichten \u00fcber die guten alten Zeiten, Optimismus und andere Heldentaten. Songs, vorgetragen mit viel Leidenschaft: Mal schnell und treibend oder auch mal etwas ruhiger und nachdenklicher.<\/p>\n<p>Video:\u00a0<a href=\"https:\/\/www.youtube.com\/watch?v=9DlFOapWQOw\" target=\"_blank\" rel=\"noopener\">Seemann Kobe &#8211; Dr W\u00e4g ads Meer<\/a><\/p>\n<p>&nbsp;<\/p>","excerpt":"","slug":"acoustic-night-3","image":false,"all_day":false,"start_date":"2018-04-20 19:30:00","start_date_details":{"year":"2018","month":"04","day":"20","hour":"19","minutes":"30","seconds":"00"},"end_date":"2018-04-20 23:30:00","end_date_details":{"year":"2018","month":"04","day":"20","hour":"23","minutes":"30","seconds":"00"},"utc_start_date":"2018-04-20 17:30:00","utc_start_date_details":{"year":"2018","month":"04","day":"20","hour":"17","minutes":"30","seconds":"00"},"utc_end_date":"2018-04-20 21:30:00","utc_end_date_details":{"year":"2018","month":"04","day":"20","hour":"21","minutes":"30","seconds":"00"},"timezone":"Europe\/Berlin","timezone_abbr":"CEST","cost":"","cost_details":{"currency_symbol":"","currency_code":"","currency_position":"prefix","values":[]},"website":"www.gruetli.ch","show_map":true,"show_map_link":true,"hide_from_listings":false,"sticky":false,"featured":false,"categories":[],"tags":[],"venue":{"id":206,"author":"1","status":"publish","date":"2017-01-10 14:42:24","date_utc":"2017-01-10 13:42:24","modified":"2017-01-10 14:42:24","modified_utc":"2017-01-10 13:42:24","url":"https:\/\/www.kulturei.ch\/?tribe_venue=restaurant-grutli","venue":"Restaurant Gr\u00fctli","slug":"restaurant-grutli","address":"Dorfstrasse 16","city":"Wasen i.E.","country":"Schweiz","province":"Bern","zip":"3457","phone":"034 437 15 80","website":"www.gruetli.ch","stateprovince":"Bern","json_ld":{"@type":"Place","name":"Restaurant Gr\u00fctli","description":"","url":"","address":{"@type":"PostalAddress","streetAddress":"Dorfstrasse 16","addressLocality":"Wasen i.E.","addressRegion":"Bern","postalCode":"3457","addressCountry":"Schweiz"},"telephone":"034 437 15 80","sameAs":"www.gruetli.ch"},"show_map":true,"show_map_link":true,"global_id":"www.kulturei.ch?id=206","global_id_lineage":["www.kulturei.ch?id=206"]},"organizer":[],"custom_fields":[],"json_ld":{"@context":"http:\/\/schema.org","@type":"Event","name":"Acoustic Night 3","description":"&lt;p&gt;Ein drittes Mal heisst es ACOUSTIC NIGHT. In diesem Jahr wieder im sch\u00f6nen Restaurant Gr\u00fctli Wasen! Beginn: 19:30 \/ Eintritt frei! Wir freuen uns auf euch und diese K\u00fcnstler: Phil Obie\u00a0 Der Singer und Songwriter aus Richigen \/ BE verzaubert &hellip; &lt;a href=&quot;https:\/\/www.kulturei.ch\/?tribe_events=acoustic-night-3&quot;&gt;Weiterlesen &lt;span class=&quot;meta-nav&quot;&gt;&rarr;&lt;\/span&gt;&lt;\/a&gt;&lt;\/p&gt;\\n","url":"https:\/\/www.kulturei.ch\/?tribe_events=acoustic-night-3","eventAttendanceMode":"https:\/\/schema.org\/OfflineEventAttendanceMode","eventStatus":"https:\/\/schema.org\/EventScheduled","startDate":"2018-04-20T19:30:00+02:00","endDate":"2018-04-20T23:30:00+02:00","location":{"@type":"Place","name":"Restaurant Gr\u00fctli","description":"","url":"","address":{"@type":"PostalAddress","streetAddress":"Dorfstrasse 16","addressLocality":"Wasen i.E.","addressRegion":"Bern","postalCode":"3457","addressCountry":"Schweiz"},"telephone":"034 437 15 80","sameAs":"www.gruetli.ch"},"performer":"Organization"},"ticketed":false}