{"id":1748,"global_id":"www.kulturei.ch?id=1748","global_id_lineage":["www.kulturei.ch?id=1748"],"author":"1","status":"publish","date":"2025-10-10 15:03:24","date_utc":"2025-10-10 13:03:24","modified":"2025-10-10 15:03:24","modified_utc":"2025-10-10 13:03:24","url":"https:\/\/www.kulturei.ch\/?tribe_events=architekturvortrag-mit-dieter-schnell-solothurn","rest_url":"https:\/\/www.kulturei.ch\/index.php?rest_route=\/tribe\/events\/v1\/events\/1748","title":"Architekturvortrag mit Dieter Schnell &#8211; Solothurn","description":"<p>Solothurn hat sich seit ein paar Jahren mit Literatur- und Filmtagen das Image der charmanten Provinzstadt geben k\u00f6nnen, was die Architektur sowohl die historische als auch die neuere best\u00e4tigt. Bloss in den 1960er und 1970er Jahren ist die Architektur der sogenannten \u00abSolothurner Schule\u00bb mit Haller, F\u00fcegg, Barth, Zaugg und Schlup \u00fcber die Region hinaus bekannt geworden. Die bekannten USM-Haller-M\u00f6bel stehen f\u00fcr diese Architekturauffassung.<\/p>\n<p><strong>Beginn Vortrag<\/strong>: 20:00 Uhr<br \/>\n<strong>Eintritt<\/strong>: frei, Kollekte<\/p>","excerpt":"","slug":"architekturvortrag-mit-dieter-schnell-solothurn","image":{"url":"https:\/\/www.kulturei.ch\/wp-content\/uploads\/2025\/10\/architekturfuehrung26.jpg","id":1749,"extension":"jpg","width":595,"height":420,"filesize":249341,"sizes":{"medium":{"width":300,"height":212,"mime-type":"image\/jpeg","filesize":28011,"url":"https:\/\/www.kulturei.ch\/wp-content\/uploads\/2025\/10\/architekturfuehrung26-300x212.jpg"},"thumbnail":{"width":150,"height":150,"mime-type":"image\/jpeg","filesize":13134,"url":"https:\/\/www.kulturei.ch\/wp-content\/uploads\/2025\/10\/architekturfuehrung26-150x150.jpg"},"post-thumbnail":{"width":595,"height":198,"mime-type":"image\/jpeg","filesize":51084,"url":"https:\/\/www.kulturei.ch\/wp-content\/uploads\/2025\/10\/architekturfuehrung26-595x198.jpg"}}},"all_day":false,"start_date":"2026-05-21 20:00:00","start_date_details":{"year":"2026","month":"05","day":"21","hour":"20","minutes":"00","seconds":"00"},"end_date":"2026-05-21 20:00:00","end_date_details":{"year":"2026","month":"05","day":"21","hour":"20","minutes":"00","seconds":"00"},"utc_start_date":"2026-05-21 18:00:00","utc_start_date_details":{"year":"2026","month":"05","day":"21","hour":"18","minutes":"00","seconds":"00"},"utc_end_date":"2026-05-21 18:00:00","utc_end_date_details":{"year":"2026","month":"05","day":"21","hour":"18","minutes":"00","seconds":"00"},"timezone":"Europe\/Berlin","timezone_abbr":"CEST","cost":"","cost_details":{"currency_symbol":"CHF","currency_code":"CHF","currency_position":"prefix","values":[]},"website":"","show_map":false,"show_map_link":true,"hide_from_listings":false,"sticky":false,"featured":false,"categories":[],"tags":[],"venue":{"id":119,"author":"1","status":"publish","date":"2015-10-23 15:11:19","date_utc":"2015-10-23 13:11:19","modified":"2015-10-23 15:11:19","modified_utc":"2015-10-23 13:11:19","url":"https:\/\/www.kulturei.ch\/?tribe_venue=landgasthof-baren","venue":"Landgasthof B\u00e4ren","slug":"landgasthof-baren","address":"Marktgasse 1","city":"Sumiswald","country":"Schweiz","province":"Bern","zip":"3454","stateprovince":"Bern","json_ld":{"@type":"Place","name":"Landgasthof B\u00e4ren","description":"","url":"","address":{"@type":"PostalAddress","streetAddress":"Marktgasse 1","addressLocality":"Sumiswald","addressRegion":"Bern","postalCode":"3454","addressCountry":"Schweiz"},"telephone":"","sameAs":""},"show_map":true,"show_map_link":true,"global_id":"www.kulturei.ch?id=119","global_id_lineage":["www.kulturei.ch?id=119"]},"organizer":[{"id":173,"author":"1","status":"publish","date":"2016-08-25 09:49:54","date_utc":"2016-08-25 07:49:54","modified":"2016-08-25 09:49:54","modified_utc":"2016-08-25 07:49:54","url":"https:\/\/www.kulturei.ch\/?tribe_organizer=kulturei","organizer":"Kulturei","slug":"kulturei","email":"info@kulturei.ch","json_ld":{"@type":"Person","name":"Kulturei","description":"","url":"","telephone":"","email":"i&#110;f&#111;&#64;k&#117;&#108;&#116;urei&#46;&#99;h","sameAs":""},"global_id":"www.kulturei.ch?id=173","global_id_lineage":["www.kulturei.ch?id=173"]}],"custom_fields":[],"json_ld":{"@context":"http:\/\/schema.org","@type":"Event","name":"Architekturvortrag mit Dieter Schnell &#8211; Solothurn","description":"&lt;p&gt;Solothurn hat sich seit ein paar Jahren mit Literatur- und Filmtagen das Image der charmanten Provinzstadt geben k\u00f6nnen, was die Architektur sowohl die historische als auch die neuere best\u00e4tigt. Bloss in den 1960er und 1970er Jahren ist die Architektur der &hellip; &lt;a href=&quot;https:\/\/www.kulturei.ch\/?tribe_events=architekturvortrag-mit-dieter-schnell-solothurn&quot;&gt;Weiterlesen &lt;span class=&quot;meta-nav&quot;&gt;&rarr;&lt;\/span&gt;&lt;\/a&gt;&lt;\/p&gt;\\n","image":"https:\/\/www.kulturei.ch\/wp-content\/uploads\/2025\/10\/architekturfuehrung26.jpg","url":"https:\/\/www.kulturei.ch\/?tribe_events=architekturvortrag-mit-dieter-schnell-solothurn","eventAttendanceMode":"https:\/\/schema.org\/OfflineEventAttendanceMode","eventStatus":"https:\/\/schema.org\/EventScheduled","startDate":"2026-05-21T20:00:00+02:00","endDate":"2026-05-21T20:00:00+02:00","location":{"@type":"Place","name":"Landgasthof B\u00e4ren","description":"","url":"","address":{"@type":"PostalAddress","streetAddress":"Marktgasse 1","addressLocality":"Sumiswald","addressRegion":"Bern","postalCode":"3454","addressCountry":"Schweiz"},"telephone":"","sameAs":""},"organizer":{"@type":"Person","name":"Kulturei","description":"","url":"","telephone":"","email":"&#105;n&#102;o&#64;&#107;ul&#116;&#117;&#114;e&#105;&#46;&#99;&#104;","sameAs":""},"performer":"Organization"},"ticketed":false}