{"id":1614,"global_id":"www.kulturei.ch?id=1614","global_id_lineage":["www.kulturei.ch?id=1614"],"author":"1","status":"publish","date":"2024-11-02 13:04:14","date_utc":"2024-11-02 12:04:14","modified":"2024-11-02 13:04:14","modified_utc":"2024-11-02 12:04:14","url":"https:\/\/www.kulturei.ch\/?tribe_events=architekturfuehrung-la-chaux-de-fonds-mit-dieter-schnell","rest_url":"https:\/\/www.kulturei.ch\/index.php?rest_route=\/tribe\/events\/v1\/events\/1614","title":"Architekturf\u00fchrung La Chaux-de-Fonds mit Dieter Schnell","description":"<p><strong>zu Fuss: ca. 4 km in ca. 4 Stunden, Mittagessen und Bahnreise auf eigene Kosten<\/strong><\/p>\n<p>2009 sind La Chaux-de-Fonds und Le Locle als \u201eUrbanisme Horloger\u201c (Stadtlandschaft Uhrenindustrie) auf die Liste des UNESCO-Weltkulturerbes aufgenommen worden. Tats\u00e4chlich hat die sehr komplex aufgebaute Uhrenindustrie in La Chaux-de-Fonds eine einzigartige Stadtstruktur entstehen lassen, die \u00fcber ein Jahrhundert lang auf die sich wandelnden Produktionserfordernisse hat angepasst werden k\u00f6nnen. Zu Fuss geht es am Samstag, 10.05.25 auf eine mehrst\u00fcndige Entdeckungstour mit dem Architekturhistoriker Dieter Schnell. Vorg\u00e4ngig (Donnerstagabend, 08.05.25) erl\u00e4utert Dieter Schnell auf die gewohnt spannende und pr\u00e4gnante Art die vorgesehene Tour mit aktuellen und historischen Bildern.<\/p>\n<p>Details der F\u00fchrung werden am <a href=\"https:\/\/www.kulturei.ch\/?tribe_events=architekturvortrag-la-chaux-de-fonds-mit-dieter-schnell\">Vortrag<\/a> bekannt gegeben.<\/p>","excerpt":"","slug":"architekturfuehrung-la-chaux-de-fonds-mit-dieter-schnell","image":{"url":"https:\/\/www.kulturei.ch\/wp-content\/uploads\/2024\/11\/thumbnail_architekturf\u00fchrung25.jpg","id":1612,"extension":"jpg","width":595,"height":420,"sizes":{"thumbnail":{"width":150,"height":150,"mime-type":"image\/jpeg","url":"https:\/\/www.kulturei.ch\/wp-content\/uploads\/2024\/11\/thumbnail_architekturf\u00fchrung25-150x150.jpg"},"medium":{"width":300,"height":212,"mime-type":"image\/jpeg","url":"https:\/\/www.kulturei.ch\/wp-content\/uploads\/2024\/11\/thumbnail_architekturf\u00fchrung25-300x212.jpg"},"post-thumbnail":{"width":595,"height":198,"mime-type":"image\/jpeg","url":"https:\/\/www.kulturei.ch\/wp-content\/uploads\/2024\/11\/thumbnail_architekturf\u00fchrung25-595x198.jpg"}}},"all_day":true,"start_date":"2025-05-10 00:00:00","start_date_details":{"year":"2025","month":"05","day":"10","hour":"00","minutes":"00","seconds":"00"},"end_date":"2025-05-10 23:59:59","end_date_details":{"year":"2025","month":"05","day":"10","hour":"23","minutes":"59","seconds":"59"},"utc_start_date":"2025-05-09 22:00:00","utc_start_date_details":{"year":"2025","month":"05","day":"09","hour":"22","minutes":"00","seconds":"00"},"utc_end_date":"2025-05-10 21:59:59","utc_end_date_details":{"year":"2025","month":"05","day":"10","hour":"21","minutes":"59","seconds":"59"},"timezone":"Europe\/Berlin","timezone_abbr":"CEST","cost":"","cost_details":{"currency_symbol":"","currency_code":"","currency_position":"prefix","values":[]},"website":"","show_map":false,"show_map_link":false,"hide_from_listings":false,"sticky":false,"featured":false,"categories":[],"tags":[],"venue":[],"organizer":[{"id":173,"author":"1","status":"publish","date":"2016-08-25 09:49:54","date_utc":"2016-08-25 07:49:54","modified":"2016-08-25 09:49:54","modified_utc":"2016-08-25 07:49:54","url":"https:\/\/www.kulturei.ch\/?tribe_organizer=kulturei","organizer":"Kulturei","slug":"kulturei","email":"info@kulturei.ch","json_ld":{"@type":"Person","name":"Kulturei","description":"","url":"","telephone":"","email":"i&#110;&#102;&#111;&#64;ku&#108;t&#117;&#114;&#101;i&#46;&#99;&#104;","sameAs":""},"global_id":"www.kulturei.ch?id=173","global_id_lineage":["www.kulturei.ch?id=173"]}],"custom_fields":[],"json_ld":{"@context":"http:\/\/schema.org","@type":"Event","name":"Architekturf\u00fchrung La Chaux-de-Fonds mit Dieter Schnell","description":"&lt;p&gt;zu Fuss: ca. 4 km in ca. 4 Stunden, Mittagessen und Bahnreise auf eigene Kosten 2009 sind La Chaux-de-Fonds und Le Locle als \u201eUrbanisme Horloger\u201c (Stadtlandschaft Uhrenindustrie) auf die Liste des UNESCO-Weltkulturerbes aufgenommen worden. Tats\u00e4chlich hat die sehr komplex aufgebaute &hellip; &lt;a href=&quot;https:\/\/www.kulturei.ch\/?tribe_events=architekturfuehrung-la-chaux-de-fonds-mit-dieter-schnell&quot;&gt;Weiterlesen &lt;span class=&quot;meta-nav&quot;&gt;&rarr;&lt;\/span&gt;&lt;\/a&gt;&lt;\/p&gt;\\n","image":"https:\/\/www.kulturei.ch\/wp-content\/uploads\/2024\/11\/thumbnail_architekturf\u00fchrung25.jpg","url":"https:\/\/www.kulturei.ch\/?tribe_events=architekturfuehrung-la-chaux-de-fonds-mit-dieter-schnell","eventAttendanceMode":"https:\/\/schema.org\/OfflineEventAttendanceMode","eventStatus":"https:\/\/schema.org\/EventScheduled","startDate":"2025-05-10T00:00:00+02:00","endDate":"2025-05-10T23:59:59+02:00","organizer":{"@type":"Person","name":"Kulturei","description":"","url":"","telephone":"","email":"in&#102;&#111;&#64;&#107;&#117;&#108;&#116;&#117;&#114;ei.ch","sameAs":""},"performer":"Organization"},"ticketed":false}