{"id":1405,"global_id":"www.kulturei.ch?id=1405","global_id_lineage":["www.kulturei.ch?id=1405"],"author":"1","status":"publish","date":"2023-10-24 13:56:51","date_utc":"2023-10-24 11:56:51","modified":"2023-10-24 13:56:51","modified_utc":"2023-10-24 11:56:51","url":"https:\/\/www.kulturei.ch\/?tribe_events=schloss-poetry-slam-3","rest_url":"https:\/\/www.kulturei.ch\/index.php?rest_route=\/tribe\/events\/v1\/events\/1405","title":"Schloss Poetry Slam","description":"<p>Das Wortgefecht der Sprachgigantinnen und Sprachgiganten geht in die n\u00e4chste Runde! Im altehrw\u00fcrdigen Rittersaal im Schloss Sumiswald begr\u00fcssen wir nicht nur vier Einzelk\u00e4mpfer und Einzelk\u00e4mpferinnen sondern zum ersten Mal auch ein Doppelpack im Kampf um Ruhm, Ehre und nat\u00fcrlich die obligate Flasche schottisches Lebenselixier.<\/p>\n<p><strong>Annika Biedermann<\/strong><br \/>\n<strong>Valerio Moser<\/strong><br \/>\n<strong>Samuel Richner<\/strong><br \/>\n<strong>Jeremy Chavez<\/strong><br \/>\nund das Team \u00ab<strong>Paartherapie<\/strong>\u00bb mit <strong>Vive le Charme<\/strong> und <strong>Kim Schmied<\/p>\n<p><\/strong>Moderation: <strong>Peter Heiniger<\/strong><\/p>\n<p><strong>Eintritt:<\/strong> 25.-<br \/>\n<strong>Mitglieder Kulturei:<\/strong> Erm\u00e4ssigung Fr. 5.-<br \/>\n<strong>Sch\u00fcler\/innen:<\/strong> gratis<br \/>\n<strong>T\u00fcr\u00f6ffnung:<\/strong> ab 19.30 Uhr \/ <strong>Beginn:<\/strong> 20.00 Uhr<\/p>","excerpt":"","slug":"schloss-poetry-slam-3","image":{"url":"https:\/\/www.kulturei.ch\/wp-content\/uploads\/2023\/10\/Poetry24.png","id":1406,"extension":"png","width":1327,"height":933,"sizes":{"thumbnail":{"width":150,"height":150,"mime-type":"image\/png","url":"https:\/\/www.kulturei.ch\/wp-content\/uploads\/2023\/10\/Poetry24-150x150.png"},"medium":{"width":300,"height":211,"mime-type":"image\/png","url":"https:\/\/www.kulturei.ch\/wp-content\/uploads\/2023\/10\/Poetry24-300x211.png"},"medium_large":{"width":768,"height":540,"mime-type":"image\/png","url":"https:\/\/www.kulturei.ch\/wp-content\/uploads\/2023\/10\/Poetry24-768x540.png"},"large":{"width":1024,"height":720,"mime-type":"image\/png","url":"https:\/\/www.kulturei.ch\/wp-content\/uploads\/2023\/10\/Poetry24-1024x720.png"},"post-thumbnail":{"width":940,"height":198,"mime-type":"image\/png","url":"https:\/\/www.kulturei.ch\/wp-content\/uploads\/2023\/10\/Poetry24-940x198.png"}}},"all_day":false,"start_date":"2024-03-16 20:00:00","start_date_details":{"year":"2024","month":"03","day":"16","hour":"20","minutes":"00","seconds":"00"},"end_date":"2024-03-16 20:00:00","end_date_details":{"year":"2024","month":"03","day":"16","hour":"20","minutes":"00","seconds":"00"},"utc_start_date":"2024-03-16 19:00:00","utc_start_date_details":{"year":"2024","month":"03","day":"16","hour":"19","minutes":"00","seconds":"00"},"utc_end_date":"2024-03-16 19:00:00","utc_end_date_details":{"year":"2024","month":"03","day":"16","hour":"19","minutes":"00","seconds":"00"},"timezone":"Europe\/Berlin","timezone_abbr":"CET","cost":"- - CHF25.00","cost_details":{"currency_symbol":"CHF","currency_code":"","currency_position":"prefix","values":["0","25"]},"website":"","show_map":false,"show_map_link":false,"hide_from_listings":false,"sticky":false,"featured":false,"categories":[],"tags":[],"venue":{"id":420,"author":"1","status":"publish","date":"2018-08-14 12:59:55","date_utc":"2018-08-14 10:59:55","modified":"2018-08-14 12:59:55","modified_utc":"2018-08-14 10:59:55","url":"https:\/\/www.kulturei.ch\/?tribe_venue=schloss-sumiswald","venue":"Schloss Sumiswald","slug":"schloss-sumiswald","address":"Schloss 88","city":"Sumiswald","country":"Switzerland","zip":"3454","json_ld":{"@type":"Place","name":"Schloss Sumiswald","description":"","url":"","address":{"@type":"PostalAddress","streetAddress":"Schloss 88","addressLocality":"Sumiswald","postalCode":"3454","addressCountry":"Switzerland"},"telephone":"","sameAs":""},"show_map":false,"show_map_link":true,"global_id":"www.kulturei.ch?id=420","global_id_lineage":["www.kulturei.ch?id=420"]},"organizer":[{"id":173,"author":"1","status":"publish","date":"2016-08-25 09:49:54","date_utc":"2016-08-25 07:49:54","modified":"2016-08-25 09:49:54","modified_utc":"2016-08-25 07:49:54","url":"https:\/\/www.kulturei.ch\/?tribe_organizer=kulturei","organizer":"Kulturei","slug":"kulturei","email":"info@kulturei.ch","json_ld":{"@type":"Person","name":"Kulturei","description":"","url":"","telephone":"","email":"in&#102;&#111;&#64;ku&#108;&#116;u&#114;&#101;i&#46;&#99;h","sameAs":""},"global_id":"www.kulturei.ch?id=173","global_id_lineage":["www.kulturei.ch?id=173"]}],"custom_fields":[],"json_ld":{"@context":"http:\/\/schema.org","@type":"Event","name":"Schloss Poetry Slam","description":"&lt;p&gt;Das Wortgefecht der Sprachgigantinnen und Sprachgiganten geht in die n\u00e4chste Runde! Im altehrw\u00fcrdigen Rittersaal im Schloss Sumiswald begr\u00fcssen wir nicht nur vier Einzelk\u00e4mpfer und Einzelk\u00e4mpferinnen sondern zum ersten Mal auch ein Doppelpack im Kampf um Ruhm, Ehre und nat\u00fcrlich die &hellip; &lt;a href=&quot;https:\/\/www.kulturei.ch\/?tribe_events=schloss-poetry-slam-3&quot;&gt;Weiterlesen &lt;span class=&quot;meta-nav&quot;&gt;&rarr;&lt;\/span&gt;&lt;\/a&gt;&lt;\/p&gt;\\n","image":"https:\/\/www.kulturei.ch\/wp-content\/uploads\/2023\/10\/Poetry24.png","url":"https:\/\/www.kulturei.ch\/?tribe_events=schloss-poetry-slam-3","offers":[{"@type":"Offer","url":"https:\/\/www.kulturei.ch\/?tribe_events=schloss-poetry-slam-3","price":"0","category":"primary","availability":"InStock","priceCurrency":"USD","validFrom":"2023-10-24T00:00:00+00:00","validThrough":"2024-03-16T00:00:00+00:00"}],"eventAttendanceMode":"https:\/\/schema.org\/OfflineEventAttendanceMode","eventStatus":"https:\/\/schema.org\/EventScheduled","startDate":"2024-03-16T20:00:00+01:00","endDate":"2024-03-16T20:00:00+01:00","location":{"@type":"Place","name":"Schloss Sumiswald","description":"","url":"","address":{"@type":"PostalAddress","streetAddress":"Schloss 88","addressLocality":"Sumiswald","postalCode":"3454","addressCountry":"Switzerland"},"telephone":"","sameAs":""},"organizer":{"@type":"Person","name":"Kulturei","description":"","url":"","telephone":"","email":"i&#110;&#102;o&#64;k&#117;lturei&#46;&#99;&#104;","sameAs":""},"performer":"Organization"},"ticketed":["rsvp"]}