{"id":1356,"global_id":"www.kulturei.ch?id=1356","global_id_lineage":["www.kulturei.ch?id=1356"],"author":"1","status":"publish","date":"2023-09-18 17:52:01","date_utc":"2023-09-18 15:52:01","modified":"2023-09-19 12:23:07","modified_utc":"2023-09-19 10:23:07","url":"https:\/\/www.kulturei.ch\/?tribe_events=das-letzte-wort-ein-buehnenkrimi-sondergleichen","rest_url":"https:\/\/www.kulturei.ch\/index.php?rest_route=\/tribe\/events\/v1\/events\/1356","title":"&#171;Das letzte Wort&#187; &#8211; Ein B\u00fchnenkrimi sonder(g)leichen","description":"<p>Verbrannt, ertr\u00e4nkt, erstickt \u2014 eine Serie bestialischer Morde ersch\u00fcttert die Fachwelt: Exponenten verschiedener Fremdsprachen werden einer um den anderen tot aufgefunden. Da tritt das renommierte Detektivduo Zumstein\/Kuster auf den Plan, obwohl es vorerst<br \/>\nkeinen hat: Wer tut so etwas&#8230;?<br \/>\nWas hat es mit den Zetteln auf sich, auf denen die Opfer jeweils ein letztes Wort an die Nachwelt hinterlassen&#8230;?<br \/>\nUnd welche Rolle spielt der Pfarrer&#8230;?<br \/>\nAm Horizont k\u00fcndigt sich blutrot eine unangenehme Erkenntnis an.<\/p>\n<p>In \u201eDas letzte Wort\u201c pr\u00e4sentieren die beiden Burgdorfer <strong>Remo<\/strong><br \/>\n<strong>Zumstein<\/strong> und <strong>Michael Kuster<\/strong> einen abendf\u00fcllenden B\u00fchnenkrimi.<br \/>\nMusik und Slam-Poetry mit dezidiertem Hang zum D\u00fcsteren, schr\u00e4ge Dialoge und die Geschichte eines Verbrechens, das alle etwas angeht. Protagonistin, Zeugin, Opfer und T\u00e4terin zugleich: die Sprache.<\/p>\n<p><strong>Eintritt<\/strong>: 30.-<br \/>\n<strong>Mitglieder Kulturei<\/strong>: Erm\u00e4ssigung Fr. 5.-<br \/>\n<strong>Sch\u00fcler\/innen<\/strong>: gratis<br \/>\n<strong>Abendkasse<\/strong>: ab 19.30 Uhr \/ <strong>Vorstellungsbeginn<\/strong>: 20.00 Uhr<\/p>","excerpt":"","slug":"das-letzte-wort-ein-buehnenkrimi-sondergleichen","image":{"url":"https:\/\/www.kulturei.ch\/wp-content\/uploads\/2023\/09\/remo.png","id":1357,"extension":"png","width":1189,"height":835,"sizes":{"thumbnail":{"width":150,"height":150,"mime-type":"image\/png","url":"https:\/\/www.kulturei.ch\/wp-content\/uploads\/2023\/09\/remo-150x150.png"},"medium":{"width":300,"height":211,"mime-type":"image\/png","url":"https:\/\/www.kulturei.ch\/wp-content\/uploads\/2023\/09\/remo-300x211.png"},"medium_large":{"width":768,"height":539,"mime-type":"image\/png","url":"https:\/\/www.kulturei.ch\/wp-content\/uploads\/2023\/09\/remo-768x539.png"},"large":{"width":1024,"height":719,"mime-type":"image\/png","url":"https:\/\/www.kulturei.ch\/wp-content\/uploads\/2023\/09\/remo-1024x719.png"},"post-thumbnail":{"width":940,"height":198,"mime-type":"image\/png","url":"https:\/\/www.kulturei.ch\/wp-content\/uploads\/2023\/09\/remo-940x198.png"}}},"all_day":false,"start_date":"2023-10-28 20:00:00","start_date_details":{"year":"2023","month":"10","day":"28","hour":"20","minutes":"00","seconds":"00"},"end_date":"2023-10-28 20:00:00","end_date_details":{"year":"2023","month":"10","day":"28","hour":"20","minutes":"00","seconds":"00"},"utc_start_date":"2023-10-28 18:00:00","utc_start_date_details":{"year":"2023","month":"10","day":"28","hour":"18","minutes":"00","seconds":"00"},"utc_end_date":"2023-10-28 18:00:00","utc_end_date_details":{"year":"2023","month":"10","day":"28","hour":"18","minutes":"00","seconds":"00"},"timezone":"Europe\/Berlin","timezone_abbr":"CEST","cost":"-","cost_details":{"currency_symbol":"CHF","currency_code":"","currency_position":"prefix","values":["0"]},"website":"","show_map":false,"show_map_link":false,"hide_from_listings":false,"sticky":false,"featured":false,"categories":[],"tags":[],"venue":{"id":255,"author":"1","status":"publish","date":"2017-07-18 10:17:02","date_utc":"2017-07-18 08:17:02","modified":"2017-07-18 10:17:02","modified_utc":"2017-07-18 08:17:02","url":"https:\/\/www.kulturei.ch\/?tribe_venue=aula-sumiswald","venue":"Aula Sumiswald","slug":"aula-sumiswald","address":"Hofackerstrasse 8","city":"Sumiswald","country":"Switzerland","province":"Bern","zip":"3454","stateprovince":"Bern","json_ld":{"@type":"Place","name":"Aula Sumiswald","description":"","url":"","address":{"@type":"PostalAddress","streetAddress":"Hofackerstrasse 8","addressLocality":"Sumiswald","addressRegion":"Bern","postalCode":"3454","addressCountry":"Switzerland"},"telephone":"","sameAs":""},"show_map":true,"show_map_link":true,"global_id":"www.kulturei.ch?id=255","global_id_lineage":["www.kulturei.ch?id=255"]},"organizer":[{"id":173,"author":"1","status":"publish","date":"2016-08-25 09:49:54","date_utc":"2016-08-25 07:49:54","modified":"2016-08-25 09:49:54","modified_utc":"2016-08-25 07:49:54","url":"https:\/\/www.kulturei.ch\/?tribe_organizer=kulturei","organizer":"Kulturei","slug":"kulturei","email":"info@kulturei.ch","json_ld":{"@type":"Person","name":"Kulturei","description":"","url":"","telephone":"","email":"&#105;&#110;fo&#64;&#107;&#117;ltu&#114;e&#105;.&#99;h","sameAs":""},"global_id":"www.kulturei.ch?id=173","global_id_lineage":["www.kulturei.ch?id=173"]}],"custom_fields":[],"json_ld":{"@context":"http:\/\/schema.org","@type":"Event","name":"&#171;Das letzte Wort&#187; &#8211; Ein B\u00fchnenkrimi sonder(g)leichen","description":"&lt;p&gt;Verbrannt, ertr\u00e4nkt, erstickt \u2014 eine Serie bestialischer Morde ersch\u00fcttert die Fachwelt: Exponenten verschiedener Fremdsprachen werden einer um den anderen tot aufgefunden. Da tritt das renommierte Detektivduo Zumstein\/Kuster auf den Plan, obwohl es vorerst keinen hat: Wer tut so etwas...? Was &hellip; &lt;a href=&quot;https:\/\/www.kulturei.ch\/?tribe_events=das-letzte-wort-ein-buehnenkrimi-sondergleichen&quot;&gt;Weiterlesen &lt;span class=&quot;meta-nav&quot;&gt;&rarr;&lt;\/span&gt;&lt;\/a&gt;&lt;\/p&gt;\\n","image":"https:\/\/www.kulturei.ch\/wp-content\/uploads\/2023\/09\/remo.png","url":"https:\/\/www.kulturei.ch\/?tribe_events=das-letzte-wort-ein-buehnenkrimi-sondergleichen","offers":[{"@type":"Offer","url":"https:\/\/www.kulturei.ch\/?tribe_events=das-letzte-wort-ein-buehnenkrimi-sondergleichen","price":"0","category":"primary","availability":"InStock","priceCurrency":"USD","validFrom":"2023-09-18T00:00:00+00:00","validThrough":"2023-10-28T00:00:00+00:00"}],"eventAttendanceMode":"https:\/\/schema.org\/OfflineEventAttendanceMode","eventStatus":"https:\/\/schema.org\/EventScheduled","startDate":"2023-10-28T20:00:00+02:00","endDate":"2023-10-28T20:00:00+02:00","location":{"@type":"Place","name":"Aula Sumiswald","description":"","url":"","address":{"@type":"PostalAddress","streetAddress":"Hofackerstrasse 8","addressLocality":"Sumiswald","addressRegion":"Bern","postalCode":"3454","addressCountry":"Switzerland"},"telephone":"","sameAs":""},"organizer":{"@type":"Person","name":"Kulturei","description":"","url":"","telephone":"","email":"inf&#111;&#64;&#107;&#117;&#108;&#116;&#117;&#114;&#101;&#105;&#46;&#99;h","sameAs":""},"performer":"Organization"},"ticketed":["rsvp"]}