{"id":1340,"global_id":"www.kulturei.ch?id=1340","global_id_lineage":["www.kulturei.ch?id=1340"],"author":"1","status":"publish","date":"2023-07-31 08:29:13","date_utc":"2023-07-31 06:29:13","modified":"2023-08-04 09:40:57","modified_utc":"2023-08-04 07:40:57","url":"https:\/\/www.kulturei.ch\/?tribe_events=hiesix-folkorn-cd-praesentation","rest_url":"https:\/\/www.kulturei.ch\/index.php?rest_route=\/tribe\/events\/v1\/events\/1340","title":"HiesiX &#8211; \u201eFolkorn\u201c CD Pr\u00e4sentation","description":"<p><strong>Herzbewegend mit einem Hauch Fernweh<\/strong><\/p>\n<p><strong>HiesiX<\/strong> musiziert spielend und singend \u00fcber Grenzen und Zeiten hinweg:<br \/>\nSo haben in ihrer Musik neben heute gel\u00e4ufigen Instrumenten wie Geige,<br \/>\nGitarre und E-Bass auch Instrumente aus anderen Welten und Zeiten<br \/>\nPlatz. So die fr\u00fcher hier durchaus bekannten Halszithern, Sackpfeifen, das<br \/>\nH\u00e4xeschyt, die Drehleier, das Tr\u00fcmpi \u2013 erg\u00e4nzt durch Juuz und Gesang.<br \/>\nKraftvolle alte St\u00fccke kommen durch die vielsaitige Besetzung zu neuem<br \/>\nLeben, gehen Hand in Hand mit Neukompositionen, welche durch die fast<br \/>\nvergessenen Instrumente die Br\u00fccke zwischen Gestrigem und Heutigem<br \/>\nschlagen.<br \/>\nKraftvoll \u2013 rauh \u2013 ungeschlacht. Hiesix kombiniert diese Energie der<br \/>\nEinfachheit mit einem immensen Reichtum an Klangfarben, Klangbildern<br \/>\nund Stimmungen: Ber\u00fchrend, mitreissend, davontragend.<\/p>\n<p><strong>Iris Keller<\/strong>: Gesang, Geige, Ukulele, Halszither, Bass<br \/>\n<strong>Thomas Keller<\/strong>: Halszither, H\u00e4xeschyt, Muugiige, Bariton Gitarre<br \/>\n<strong>Dide Marfurt<\/strong>: Halszither, Sackpfeife, Drehleier, Dobro, Perc.<br \/>\n<strong>Lorenz Nejedly<\/strong>: Bass, Gitarre, Perc.<\/p>\n<p><strong>Eintritt:<\/strong> frei, Kollekte<br \/>\n<strong>T\u00fcr\u00f6ffnung:<\/strong> ab 19.45 Uhr \/ <strong>Konzertbeginn:<\/strong> 20.15 Uh<\/p>\n<p>&nbsp;<\/p>","excerpt":"","slug":"hiesix-folkorn-cd-praesentation","image":{"url":"https:\/\/www.kulturei.ch\/wp-content\/uploads\/2023\/07\/hiesix.png","id":1341,"extension":"png","width":1423,"height":1008,"sizes":{"thumbnail":{"width":150,"height":150,"mime-type":"image\/png","url":"https:\/\/www.kulturei.ch\/wp-content\/uploads\/2023\/07\/hiesix-150x150.png"},"medium":{"width":300,"height":213,"mime-type":"image\/png","url":"https:\/\/www.kulturei.ch\/wp-content\/uploads\/2023\/07\/hiesix-300x213.png"},"medium_large":{"width":768,"height":544,"mime-type":"image\/png","url":"https:\/\/www.kulturei.ch\/wp-content\/uploads\/2023\/07\/hiesix-768x544.png"},"large":{"width":1024,"height":725,"mime-type":"image\/png","url":"https:\/\/www.kulturei.ch\/wp-content\/uploads\/2023\/07\/hiesix-1024x725.png"},"post-thumbnail":{"width":940,"height":198,"mime-type":"image\/png","url":"https:\/\/www.kulturei.ch\/wp-content\/uploads\/2023\/07\/hiesix-940x198.png"}}},"all_day":false,"start_date":"2023-09-08 19:45:00","start_date_details":{"year":"2023","month":"09","day":"08","hour":"19","minutes":"45","seconds":"00"},"end_date":"2023-09-08 19:45:00","end_date_details":{"year":"2023","month":"09","day":"08","hour":"19","minutes":"45","seconds":"00"},"utc_start_date":"2023-09-08 17:45:00","utc_start_date_details":{"year":"2023","month":"09","day":"08","hour":"17","minutes":"45","seconds":"00"},"utc_end_date":"2023-09-08 17:45:00","utc_end_date_details":{"year":"2023","month":"09","day":"08","hour":"17","minutes":"45","seconds":"00"},"timezone":"Europe\/Berlin","timezone_abbr":"CEST","cost":"","cost_details":{"currency_symbol":"","currency_code":"","currency_position":"prefix","values":[]},"website":"","show_map":false,"show_map_link":false,"hide_from_listings":false,"sticky":false,"featured":false,"categories":[],"tags":[],"venue":{"id":119,"author":"1","status":"publish","date":"2015-10-23 15:11:19","date_utc":"2015-10-23 13:11:19","modified":"2015-10-23 15:11:19","modified_utc":"2015-10-23 13:11:19","url":"https:\/\/www.kulturei.ch\/?tribe_venue=landgasthof-baren","venue":"Landgasthof B\u00e4ren","slug":"landgasthof-baren","address":"Marktgasse 1","city":"Sumiswald","country":"Schweiz","province":"Bern","zip":"3454","stateprovince":"Bern","json_ld":{"@type":"Place","name":"Landgasthof B\u00e4ren","description":"","url":"","address":{"@type":"PostalAddress","streetAddress":"Marktgasse 1","addressLocality":"Sumiswald","addressRegion":"Bern","postalCode":"3454","addressCountry":"Schweiz"},"telephone":"","sameAs":""},"show_map":true,"show_map_link":true,"global_id":"www.kulturei.ch?id=119","global_id_lineage":["www.kulturei.ch?id=119"]},"organizer":[{"id":173,"author":"1","status":"publish","date":"2016-08-25 09:49:54","date_utc":"2016-08-25 07:49:54","modified":"2016-08-25 09:49:54","modified_utc":"2016-08-25 07:49:54","url":"https:\/\/www.kulturei.ch\/?tribe_organizer=kulturei","organizer":"Kulturei","slug":"kulturei","email":"info@kulturei.ch","json_ld":{"@type":"Person","name":"Kulturei","description":"","url":"","telephone":"","email":"&#105;&#110;&#102;&#111;&#64;&#107;u&#108;t&#117;&#114;e&#105;.&#99;h","sameAs":""},"global_id":"www.kulturei.ch?id=173","global_id_lineage":["www.kulturei.ch?id=173"]}],"custom_fields":[],"json_ld":{"@context":"http:\/\/schema.org","@type":"Event","name":"HiesiX &#8211; \u201eFolkorn\u201c CD Pr\u00e4sentation","description":"&lt;p&gt;Herzbewegend mit einem Hauch Fernweh HiesiX musiziert spielend und singend \u00fcber Grenzen und Zeiten hinweg: So haben in ihrer Musik neben heute gel\u00e4ufigen Instrumenten wie Geige, Gitarre und E-Bass auch Instrumente aus anderen Welten und Zeiten Platz. So die fr\u00fcher &hellip; &lt;a href=&quot;https:\/\/www.kulturei.ch\/?tribe_events=hiesix-folkorn-cd-praesentation&quot;&gt;Weiterlesen &lt;span class=&quot;meta-nav&quot;&gt;&rarr;&lt;\/span&gt;&lt;\/a&gt;&lt;\/p&gt;\\n","image":"https:\/\/www.kulturei.ch\/wp-content\/uploads\/2023\/07\/hiesix.png","url":"https:\/\/www.kulturei.ch\/?tribe_events=hiesix-folkorn-cd-praesentation","eventAttendanceMode":"https:\/\/schema.org\/OfflineEventAttendanceMode","eventStatus":"https:\/\/schema.org\/EventScheduled","startDate":"2023-09-08T19:45:00+02:00","endDate":"2023-09-08T19:45:00+02:00","location":{"@type":"Place","name":"Landgasthof B\u00e4ren","description":"","url":"","address":{"@type":"PostalAddress","streetAddress":"Marktgasse 1","addressLocality":"Sumiswald","addressRegion":"Bern","postalCode":"3454","addressCountry":"Schweiz"},"telephone":"","sameAs":""},"organizer":{"@type":"Person","name":"Kulturei","description":"","url":"","telephone":"","email":"in&#102;&#111;&#64;kul&#116;u&#114;&#101;i&#46;c&#104;","sameAs":""},"performer":"Organization"},"ticketed":false}