{"id":1173,"global_id":"www.kulturei.ch?id=1173","global_id_lineage":["www.kulturei.ch?id=1173"],"author":"1","status":"publish","date":"2022-10-18 13:47:48","date_utc":"2022-10-18 11:47:48","modified":"2022-10-18 13:47:48","modified_utc":"2022-10-18 11:47:48","url":"https:\/\/www.kulturei.ch\/?tribe_events=kulinarik-und-musik-3","rest_url":"https:\/\/www.kulturei.ch\/index.php?rest_route=\/tribe\/events\/v1\/events\/1173","title":"Kulinarik und Musik","description":"<p>Musikalisch umrandetes 4-Gang-Men\u00fc im Landgasthof B\u00e4ren Sumiswald<\/p>\n<p>Das Team des Landgasthofs B\u00e4ren und Lehrpersonen der<br \/>\nMusikschule Sumiswald verw\u00f6hnen Sie mit kulinarischen und<br \/>\nmusikalischen Leckerbissen.<\/p>\n<p><strong>Marc Bonastre<\/strong>, Oboe<br \/>\n<strong>Livia Gu\u010danin<\/strong>, Fl\u00f6te<br \/>\n<strong>Charlse Jann<\/strong>, Klavier<br \/>\n<strong>Martin Jufer<\/strong>, Jazz-Klavier<br \/>\n<strong>Vera Kalberguenova-Reumann<\/strong>, Sopran<br \/>\n<strong>Tatiana von Gunten-Massalova<\/strong>, Klavier<\/p>\n<p>Wir freuen uns auf Ihren Besuch und w\u00fcnschen eine sch\u00f6ne Weihnachtszeit.<\/p>\n<p><strong>T\u00fcr\u00f6ffnung<\/strong>: 18:30 Uhr \/ <strong>Konzertbeginn<\/strong>: 19:00 Uhr<br \/>\n<strong>Mehrgangmenu<\/strong> (mit vegetarischer Variante): 48.- CHF<br \/>\n(Kindermenu auf Anfrage)<\/p>\n<p><strong>Anmeldung bis Samstag, 07. Januar 2023<br \/>\n<\/strong>Landgasthof B\u00e4ren, Sumiswald<br \/>\nTelefon: 034 431 10 22, E-Mail: hotel@baeren-sumiswald.ch<\/p>","excerpt":"","slug":"kulinarik-und-musik-3","image":{"url":"https:\/\/www.kulturei.ch\/wp-content\/uploads\/2022\/10\/Kulinarik.png","id":1174,"extension":"png","width":1143,"height":799,"sizes":{"thumbnail":{"width":150,"height":150,"mime-type":"image\/png","url":"https:\/\/www.kulturei.ch\/wp-content\/uploads\/2022\/10\/Kulinarik-150x150.png"},"medium":{"width":300,"height":210,"mime-type":"image\/png","url":"https:\/\/www.kulturei.ch\/wp-content\/uploads\/2022\/10\/Kulinarik-300x210.png"},"medium_large":{"width":768,"height":537,"mime-type":"image\/png","url":"https:\/\/www.kulturei.ch\/wp-content\/uploads\/2022\/10\/Kulinarik-768x537.png"},"large":{"width":1024,"height":716,"mime-type":"image\/png","url":"https:\/\/www.kulturei.ch\/wp-content\/uploads\/2022\/10\/Kulinarik-1024x716.png"},"post-thumbnail":{"width":940,"height":198,"mime-type":"image\/png","url":"https:\/\/www.kulturei.ch\/wp-content\/uploads\/2022\/10\/Kulinarik-940x198.png"}}},"all_day":false,"start_date":"2023-01-13 19:00:00","start_date_details":{"year":"2023","month":"01","day":"13","hour":"19","minutes":"00","seconds":"00"},"end_date":"2023-01-13 19:00:00","end_date_details":{"year":"2023","month":"01","day":"13","hour":"19","minutes":"00","seconds":"00"},"utc_start_date":"2023-01-13 18:00:00","utc_start_date_details":{"year":"2023","month":"01","day":"13","hour":"18","minutes":"00","seconds":"00"},"utc_end_date":"2023-01-13 18:00:00","utc_end_date_details":{"year":"2023","month":"01","day":"13","hour":"18","minutes":"00","seconds":"00"},"timezone":"Europe\/Berlin","timezone_abbr":"CET","cost":"","cost_details":{"currency_symbol":"","currency_code":"","currency_position":"prefix","values":[]},"website":"","show_map":false,"show_map_link":false,"hide_from_listings":false,"sticky":false,"featured":false,"categories":[],"tags":[],"venue":{"id":119,"author":"1","status":"publish","date":"2015-10-23 15:11:19","date_utc":"2015-10-23 13:11:19","modified":"2015-10-23 15:11:19","modified_utc":"2015-10-23 13:11:19","url":"https:\/\/www.kulturei.ch\/?tribe_venue=landgasthof-baren","venue":"Landgasthof B\u00e4ren","slug":"landgasthof-baren","address":"Marktgasse 1","city":"Sumiswald","country":"Schweiz","province":"Bern","zip":"3454","stateprovince":"Bern","json_ld":{"@type":"Place","name":"Landgasthof B\u00e4ren","description":"","url":"","address":{"@type":"PostalAddress","streetAddress":"Marktgasse 1","addressLocality":"Sumiswald","addressRegion":"Bern","postalCode":"3454","addressCountry":"Schweiz"},"telephone":"","sameAs":""},"show_map":true,"show_map_link":true,"global_id":"www.kulturei.ch?id=119","global_id_lineage":["www.kulturei.ch?id=119"]},"organizer":[{"id":173,"author":"1","status":"publish","date":"2016-08-25 09:49:54","date_utc":"2016-08-25 07:49:54","modified":"2016-08-25 09:49:54","modified_utc":"2016-08-25 07:49:54","url":"https:\/\/www.kulturei.ch\/?tribe_organizer=kulturei","organizer":"Kulturei","slug":"kulturei","email":"info@kulturei.ch","json_ld":{"@type":"Person","name":"Kulturei","description":"","url":"","telephone":"","email":"&#105;&#110;&#102;&#111;&#64;ku&#108;&#116;&#117;re&#105;&#46;&#99;&#104;","sameAs":""},"global_id":"www.kulturei.ch?id=173","global_id_lineage":["www.kulturei.ch?id=173"]}],"custom_fields":[],"json_ld":{"@context":"http:\/\/schema.org","@type":"Event","name":"Kulinarik und Musik","description":"&lt;p&gt;Musikalisch umrandetes 4-Gang-Men\u00fc im Landgasthof B\u00e4ren Sumiswald Das Team des Landgasthofs B\u00e4ren und Lehrpersonen der Musikschule Sumiswald verw\u00f6hnen Sie mit kulinarischen und musikalischen Leckerbissen. Marc Bonastre, Oboe Livia Gu\u010danin, Fl\u00f6te Charlse Jann, Klavier Martin Jufer, Jazz-Klavier Vera Kalberguenova-Reumann, Sopran Tatiana &hellip; &lt;a href=&quot;https:\/\/www.kulturei.ch\/?tribe_events=kulinarik-und-musik-3&quot;&gt;Weiterlesen &lt;span class=&quot;meta-nav&quot;&gt;&rarr;&lt;\/span&gt;&lt;\/a&gt;&lt;\/p&gt;\\n","image":"https:\/\/www.kulturei.ch\/wp-content\/uploads\/2022\/10\/Kulinarik.png","url":"https:\/\/www.kulturei.ch\/?tribe_events=kulinarik-und-musik-3","eventAttendanceMode":"https:\/\/schema.org\/OfflineEventAttendanceMode","eventStatus":"https:\/\/schema.org\/EventScheduled","startDate":"2023-01-13T19:00:00+01:00","endDate":"2023-01-13T19:00:00+01:00","location":{"@type":"Place","name":"Landgasthof B\u00e4ren","description":"","url":"","address":{"@type":"PostalAddress","streetAddress":"Marktgasse 1","addressLocality":"Sumiswald","addressRegion":"Bern","postalCode":"3454","addressCountry":"Schweiz"},"telephone":"","sameAs":""},"organizer":{"@type":"Person","name":"Kulturei","description":"","url":"","telephone":"","email":"&#105;&#110;fo&#64;kult&#117;&#114;&#101;i.c&#104;","sameAs":""},"performer":"Organization"},"ticketed":false}