{"id":1170,"global_id":"www.kulturei.ch?id=1170","global_id_lineage":["www.kulturei.ch?id=1170"],"author":"1","status":"publish","date":"2022-10-18 13:37:10","date_utc":"2022-10-18 11:37:10","modified":"2022-10-18 13:37:10","modified_utc":"2022-10-18 11:37:10","url":"https:\/\/www.kulturei.ch\/?tribe_events=advendskonzert-novantiqua","rest_url":"https:\/\/www.kulturei.ch\/index.php?rest_route=\/tribe\/events\/v1\/events\/1170","title":"ADVENDSKONZERT &#8211; Novantiqua","description":"<p>Chorkonzert des Berner Volkensembles <strong>Novantiqua<\/strong> in der Kirche Wasen i. E.<\/p>\n<p><span style=\"font-family: 'Arial',sans-serif;\">\u00abCantate Domino\u00bb <\/span><\/p>\n<p><span style=\"font-family: 'Arial',sans-serif;\">Werke zu Advent und Weihnachten von Johann Eccard (1553-1611), Zolt\u00e1n Kod\u00e1ly (1882-1967), Claudio Monteverdi (1567-1643), Heinrich Kaminski (1886-1946), Alessandro Scarlatti (1660-1725) u.a.<\/span><\/p>\n<p><span style=\"font-family: 'Arial',sans-serif;\">\u00abCantate Domino\u00bb (\u00abSingt dem Herrn\u00bb) ist Motto und Aufforderung zu diesem Konzert. Gleichzeitig ist es ein Text aus der Weihnachtsliturgie: aus Freude \u00fcber die Christgeburt soll gesungen werden! <\/span><\/p>\n<p><span style=\"font-family: 'Arial',sans-serif;\">Nicht vergessen werden soll aber auch, dass dem Weihnachtsfest mit dem Advent eine Zeit des Wartens und Er-wartens vorangeht, was heute im vorweihnachtlichen Rummel oft etwas unterzugehen droht. In biblischen Texten ert\u00f6nt jedoch nicht selten der dr\u00e4ngende, ja manchmal verzweifelte Ruf nach Erl\u00f6sung. So vereint dieses Konzertprogramm die Vertonungen verschiedenster Texte und deren Gef\u00fchlsgehalt. Der Bogen spannt sich dabei von der mittelalterlichen Gregorianik \u00fcber den Fr\u00fchbarock bis zur Postmoderne des 21. Jahrhunderts, von der unbekannten Trouvaille aus wiederentdeckten Sammlungen zum bekannten \u00abChor-highlight\u00bb eines Claudio Monteverdi.<\/span><\/p>\n<p><strong>Eintritt:<\/strong> frei, Kollekte<br \/>\n<strong>T\u00fcr\u00f6ffnung:<\/strong> 16:30 Uhr \/ <strong>Konzertbeginn:<\/strong> 17:00 Uhr<\/p>","excerpt":"","slug":"advendskonzert-novantiqua","image":{"url":"https:\/\/www.kulturei.ch\/wp-content\/uploads\/2022\/10\/Advendskonzert.png","id":1172,"extension":"png","width":921,"height":646,"sizes":{"thumbnail":{"width":150,"height":150,"mime-type":"image\/png","url":"https:\/\/www.kulturei.ch\/wp-content\/uploads\/2022\/10\/Advendskonzert-150x150.png"},"medium":{"width":300,"height":210,"mime-type":"image\/png","url":"https:\/\/www.kulturei.ch\/wp-content\/uploads\/2022\/10\/Advendskonzert-300x210.png"},"medium_large":{"width":768,"height":539,"mime-type":"image\/png","url":"https:\/\/www.kulturei.ch\/wp-content\/uploads\/2022\/10\/Advendskonzert-768x539.png"},"post-thumbnail":{"width":921,"height":198,"mime-type":"image\/png","url":"https:\/\/www.kulturei.ch\/wp-content\/uploads\/2022\/10\/Advendskonzert-921x198.png"}}},"all_day":false,"start_date":"2022-12-11 17:00:00","start_date_details":{"year":"2022","month":"12","day":"11","hour":"17","minutes":"00","seconds":"00"},"end_date":"2022-12-11 17:00:00","end_date_details":{"year":"2022","month":"12","day":"11","hour":"17","minutes":"00","seconds":"00"},"utc_start_date":"2022-12-11 16:00:00","utc_start_date_details":{"year":"2022","month":"12","day":"11","hour":"16","minutes":"00","seconds":"00"},"utc_end_date":"2022-12-11 16:00:00","utc_end_date_details":{"year":"2022","month":"12","day":"11","hour":"16","minutes":"00","seconds":"00"},"timezone":"Europe\/Berlin","timezone_abbr":"CET","cost":"","cost_details":{"currency_symbol":"","currency_code":"","currency_position":"prefix","values":[]},"website":"","show_map":false,"show_map_link":false,"hide_from_listings":false,"sticky":false,"featured":false,"categories":[],"tags":[],"venue":{"id":117,"author":"1","status":"publish","date":"2015-10-23 15:10:30","date_utc":"2015-10-23 13:10:30","modified":"2015-10-23 15:10:30","modified_utc":"2015-10-23 13:10:30","url":"https:\/\/www.kulturei.ch\/?tribe_venue=kirche-wasen","venue":"Kirche Wasen","slug":"kirche-wasen","address":"Gm\u00fcndenstrasse","city":"Wasen im Emmental","country":"Schweiz","province":"Bern","zip":"3457","stateprovince":"Bern","json_ld":{"@type":"Place","name":"Kirche Wasen","description":"","url":"","address":{"@type":"PostalAddress","streetAddress":"Gm\u00fcndenstrasse","addressLocality":"Wasen im Emmental","addressRegion":"Bern","postalCode":"3457","addressCountry":"Schweiz"},"telephone":"","sameAs":""},"show_map":true,"show_map_link":true,"global_id":"www.kulturei.ch?id=117","global_id_lineage":["www.kulturei.ch?id=117"]},"organizer":[{"id":173,"author":"1","status":"publish","date":"2016-08-25 09:49:54","date_utc":"2016-08-25 07:49:54","modified":"2016-08-25 09:49:54","modified_utc":"2016-08-25 07:49:54","url":"https:\/\/www.kulturei.ch\/?tribe_organizer=kulturei","organizer":"Kulturei","slug":"kulturei","email":"info@kulturei.ch","json_ld":{"@type":"Person","name":"Kulturei","description":"","url":"","telephone":"","email":"&#105;n&#102;&#111;&#64;&#107;&#117;&#108;t&#117;&#114;e&#105;.ch","sameAs":""},"global_id":"www.kulturei.ch?id=173","global_id_lineage":["www.kulturei.ch?id=173"]}],"custom_fields":[],"json_ld":{"@context":"http:\/\/schema.org","@type":"Event","name":"ADVENDSKONZERT &#8211; Novantiqua","description":"&lt;p&gt;Chorkonzert des Berner Volkensembles Novantiqua in der Kirche Wasen i. E. \u00abCantate Domino\u00bb Werke zu Advent und Weihnachten von Johann Eccard (1553-1611), Zolt\u00e1n Kod\u00e1ly (1882-1967), Claudio Monteverdi (1567-1643), Heinrich Kaminski (1886-1946), Alessandro Scarlatti (1660-1725) u.a. \u00abCantate Domino\u00bb (\u00abSingt dem Herrn\u00bb) &hellip; &lt;a href=&quot;https:\/\/www.kulturei.ch\/?tribe_events=advendskonzert-novantiqua&quot;&gt;Weiterlesen &lt;span class=&quot;meta-nav&quot;&gt;&rarr;&lt;\/span&gt;&lt;\/a&gt;&lt;\/p&gt;\\n","image":"https:\/\/www.kulturei.ch\/wp-content\/uploads\/2022\/10\/Advendskonzert.png","url":"https:\/\/www.kulturei.ch\/?tribe_events=advendskonzert-novantiqua","eventAttendanceMode":"https:\/\/schema.org\/OfflineEventAttendanceMode","eventStatus":"https:\/\/schema.org\/EventScheduled","startDate":"2022-12-11T17:00:00+01:00","endDate":"2022-12-11T17:00:00+01:00","location":{"@type":"Place","name":"Kirche Wasen","description":"","url":"","address":{"@type":"PostalAddress","streetAddress":"Gm\u00fcndenstrasse","addressLocality":"Wasen im Emmental","addressRegion":"Bern","postalCode":"3457","addressCountry":"Schweiz"},"telephone":"","sameAs":""},"organizer":{"@type":"Person","name":"Kulturei","description":"","url":"","telephone":"","email":"in&#102;o&#64;kult&#117;re&#105;.c&#104;","sameAs":""},"performer":"Organization"},"ticketed":false}