{"id":1101,"global_id":"www.kulturei.ch?id=1101","global_id_lineage":["www.kulturei.ch?id=1101"],"author":"1","status":"publish","date":"2022-02-28 11:16:42","date_utc":"2022-02-28 10:16:42","modified":"2022-02-28 11:16:42","modified_utc":"2022-02-28 10:16:42","url":"https:\/\/www.kulturei.ch\/?tribe_events=architekturfuehrung-winterthur-mit-dieter-schnell","rest_url":"https:\/\/www.kulturei.ch\/index.php?rest_route=\/tribe\/events\/v1\/events\/1101","title":"Architekturf\u00fchrung Winterthur mit Dieter Schnell","description":"<p><strong>Architekturspaziergang in Winterthur<\/strong><br \/>\nzu Fuss: ca. 4 km in ca. 3 Stunden, Mittagessen und Bahnreise<\/p>\n<p>Die Stadt Winterthur steht seit Jahrhunderten im Schatten von Z\u00fcrich und<br \/>\ndoch leistet sie sich ein eigenes Gesicht, das immer wieder \u00fcberraschend<br \/>\neigenst\u00e4ndig ist. Keine andere Stadt im Einflussgebiet von Z\u00fcrich tritt so<br \/>\nselbstbewusst auf und ist damit so erfolgreich wie Winterthur. Private Kunstsammlungen aber auch die Fotostiftung Schweiz sind l\u00e4ngst bekannt. Immer<br \/>\nwieder macht Winterthur auch in der Architektur von sich reden. Wir wollen<br \/>\nuns in einem Spaziergang sowohl die Altstadt, das Stadthaus von Gottfried<br \/>\nSemper, die typischen Gartensiedlungen als auch die aktuelle Umgestaltung<br \/>\ndes Sulzer-Industrieareals etwas genauer ansehen.<\/p>\n<p><strong>Details der F\u00fchrung werden am <a href=\"https:\/\/www.kulturei.ch\/?tribe_events=architekturvortrag-winterthur-mit-dieter-schnell\">Vortrag <\/a>bekannt gegeben.<br \/>\nKosten:\u00a0<\/strong>Reisespesen und Verpflegung<\/p>\n<p>&nbsp;<\/p>","excerpt":"","slug":"architekturfuehrung-winterthur-mit-dieter-schnell","image":{"url":"https:\/\/www.kulturei.ch\/wp-content\/uploads\/2022\/02\/Architektur.jpg","id":1099,"extension":"jpg","width":1159,"height":814,"sizes":{"thumbnail":{"width":150,"height":150,"mime-type":"image\/jpeg","url":"https:\/\/www.kulturei.ch\/wp-content\/uploads\/2022\/02\/Architektur-150x150.jpg"},"medium":{"width":300,"height":211,"mime-type":"image\/jpeg","url":"https:\/\/www.kulturei.ch\/wp-content\/uploads\/2022\/02\/Architektur-300x211.jpg"},"medium_large":{"width":768,"height":539,"mime-type":"image\/jpeg","url":"https:\/\/www.kulturei.ch\/wp-content\/uploads\/2022\/02\/Architektur-768x539.jpg"},"large":{"width":1024,"height":719,"mime-type":"image\/jpeg","url":"https:\/\/www.kulturei.ch\/wp-content\/uploads\/2022\/02\/Architektur-1024x719.jpg"},"post-thumbnail":{"width":940,"height":198,"mime-type":"image\/jpeg","url":"https:\/\/www.kulturei.ch\/wp-content\/uploads\/2022\/02\/Architektur-940x198.jpg"}}},"all_day":true,"start_date":"2022-04-30 00:00:00","start_date_details":{"year":"2022","month":"04","day":"30","hour":"00","minutes":"00","seconds":"00"},"end_date":"2022-04-30 23:59:59","end_date_details":{"year":"2022","month":"04","day":"30","hour":"23","minutes":"59","seconds":"59"},"utc_start_date":"2022-04-29 22:00:00","utc_start_date_details":{"year":"2022","month":"04","day":"29","hour":"22","minutes":"00","seconds":"00"},"utc_end_date":"2022-04-30 21:59:59","utc_end_date_details":{"year":"2022","month":"04","day":"30","hour":"21","minutes":"59","seconds":"59"},"timezone":"Europe\/Berlin","timezone_abbr":"CEST","cost":"","cost_details":{"currency_symbol":"","currency_code":"","currency_position":"prefix","values":[]},"website":"","show_map":false,"show_map_link":false,"hide_from_listings":false,"sticky":false,"featured":false,"categories":[],"tags":[],"venue":[],"organizer":[{"id":173,"author":"1","status":"publish","date":"2016-08-25 09:49:54","date_utc":"2016-08-25 07:49:54","modified":"2016-08-25 09:49:54","modified_utc":"2016-08-25 07:49:54","url":"https:\/\/www.kulturei.ch\/?tribe_organizer=kulturei","organizer":"Kulturei","slug":"kulturei","email":"info@kulturei.ch","json_ld":{"@type":"Person","name":"Kulturei","description":"","url":"","telephone":"","email":"i&#110;&#102;&#111;&#64;&#107;&#117;lt&#117;&#114;e&#105;.&#99;h","sameAs":""},"global_id":"www.kulturei.ch?id=173","global_id_lineage":["www.kulturei.ch?id=173"]}],"custom_fields":[],"json_ld":{"@context":"http:\/\/schema.org","@type":"Event","name":"Architekturf\u00fchrung Winterthur mit Dieter Schnell","description":"&lt;p&gt;Architekturspaziergang in Winterthur zu Fuss: ca. 4 km in ca. 3 Stunden, Mittagessen und Bahnreise Die Stadt Winterthur steht seit Jahrhunderten im Schatten von Z\u00fcrich und doch leistet sie sich ein eigenes Gesicht, das immer wieder \u00fcberraschend eigenst\u00e4ndig ist. Keine &hellip; &lt;a href=&quot;https:\/\/www.kulturei.ch\/?tribe_events=architekturfuehrung-winterthur-mit-dieter-schnell&quot;&gt;Weiterlesen &lt;span class=&quot;meta-nav&quot;&gt;&rarr;&lt;\/span&gt;&lt;\/a&gt;&lt;\/p&gt;\\n","image":"https:\/\/www.kulturei.ch\/wp-content\/uploads\/2022\/02\/Architektur.jpg","url":"https:\/\/www.kulturei.ch\/?tribe_events=architekturfuehrung-winterthur-mit-dieter-schnell","eventAttendanceMode":"https:\/\/schema.org\/OfflineEventAttendanceMode","eventStatus":"https:\/\/schema.org\/EventScheduled","startDate":"2022-04-30T00:00:00+02:00","endDate":"2022-04-30T23:59:59+02:00","organizer":{"@type":"Person","name":"Kulturei","description":"","url":"","telephone":"","email":"&#105;&#110;f&#111;&#64;k&#117;&#108;&#116;&#117;r&#101;&#105;&#46;c&#104;","sameAs":""},"performer":"Organization"},"ticketed":false}