{"id":1098,"global_id":"www.kulturei.ch?id=1098","global_id_lineage":["www.kulturei.ch?id=1098"],"author":"1","status":"publish","date":"2022-02-28 11:11:35","date_utc":"2022-02-28 10:11:35","modified":"2022-02-28 11:18:40","modified_utc":"2022-02-28 10:18:40","url":"https:\/\/www.kulturei.ch\/?tribe_events=architekturvortrag-winterthur-mit-dieter-schnell","rest_url":"https:\/\/www.kulturei.ch\/index.php?rest_route=\/tribe\/events\/v1\/events\/1098","title":"Architekturvortrag Winterthur mit Dieter Schnell","description":"<p>Die Stadt Winterthur steht seit Jahrhunderten im Schatten von Z\u00fcrich und doch leistet sie sich ein eigenes Gesicht, das immer wieder \u00fcberraschend eigenst\u00e4ndig ist. Keine andere Stadt im Einflussgebiet von Z\u00fcrich tritt so selbstbewusst auf und ist damit so erfolgreich wie Winterthur. Private Kunstsammlungen aber auch die Fotostiftung Schweiz sind l\u00e4ngst bekannt. Immer wieder macht Winterthur auch in der Architektur von sich reden.<\/p>\n<p><strong>Details der <a href=\"https:\/\/www.kulturei.ch\/?tribe_events=architekturfuehrung-winterthur-mit-dieter-schnell\">F\u00fchrung<\/a> werden am Vortrag bekannt gegeben.<\/strong><\/p>\n<p><strong>Ort:<\/strong>\u00a0Landgasthof B\u00e4ren in Sumiswald<br \/>\n<strong>Eintritt:<\/strong> frei, Kollekte<br \/>\n<strong>Vortragsbeginn: <\/strong>20.00 Uhr<\/p>","excerpt":"","slug":"architekturvortrag-winterthur-mit-dieter-schnell","image":{"url":"https:\/\/www.kulturei.ch\/wp-content\/uploads\/2022\/02\/Architektur.jpg","id":1099,"extension":"jpg","width":1159,"height":814,"sizes":{"thumbnail":{"width":150,"height":150,"mime-type":"image\/jpeg","url":"https:\/\/www.kulturei.ch\/wp-content\/uploads\/2022\/02\/Architektur-150x150.jpg"},"medium":{"width":300,"height":211,"mime-type":"image\/jpeg","url":"https:\/\/www.kulturei.ch\/wp-content\/uploads\/2022\/02\/Architektur-300x211.jpg"},"medium_large":{"width":768,"height":539,"mime-type":"image\/jpeg","url":"https:\/\/www.kulturei.ch\/wp-content\/uploads\/2022\/02\/Architektur-768x539.jpg"},"large":{"width":1024,"height":719,"mime-type":"image\/jpeg","url":"https:\/\/www.kulturei.ch\/wp-content\/uploads\/2022\/02\/Architektur-1024x719.jpg"},"post-thumbnail":{"width":940,"height":198,"mime-type":"image\/jpeg","url":"https:\/\/www.kulturei.ch\/wp-content\/uploads\/2022\/02\/Architektur-940x198.jpg"}}},"all_day":false,"start_date":"2022-04-27 20:00:00","start_date_details":{"year":"2022","month":"04","day":"27","hour":"20","minutes":"00","seconds":"00"},"end_date":"2022-04-27 20:00:00","end_date_details":{"year":"2022","month":"04","day":"27","hour":"20","minutes":"00","seconds":"00"},"utc_start_date":"2022-04-27 18:00:00","utc_start_date_details":{"year":"2022","month":"04","day":"27","hour":"18","minutes":"00","seconds":"00"},"utc_end_date":"2022-04-27 18:00:00","utc_end_date_details":{"year":"2022","month":"04","day":"27","hour":"18","minutes":"00","seconds":"00"},"timezone":"Europe\/Berlin","timezone_abbr":"CEST","cost":"","cost_details":{"currency_symbol":"","currency_code":"","currency_position":"prefix","values":[]},"website":"","show_map":false,"show_map_link":false,"hide_from_listings":false,"sticky":false,"featured":false,"categories":[],"tags":[],"venue":{"id":119,"author":"1","status":"publish","date":"2015-10-23 15:11:19","date_utc":"2015-10-23 13:11:19","modified":"2015-10-23 15:11:19","modified_utc":"2015-10-23 13:11:19","url":"https:\/\/www.kulturei.ch\/?tribe_venue=landgasthof-baren","venue":"Landgasthof B\u00e4ren","slug":"landgasthof-baren","address":"Marktgasse 1","city":"Sumiswald","country":"Schweiz","province":"Bern","zip":"3454","stateprovince":"Bern","json_ld":{"@type":"Place","name":"Landgasthof B\u00e4ren","description":"","url":"","address":{"@type":"PostalAddress","streetAddress":"Marktgasse 1","addressLocality":"Sumiswald","addressRegion":"Bern","postalCode":"3454","addressCountry":"Schweiz"},"telephone":"","sameAs":""},"show_map":true,"show_map_link":true,"global_id":"www.kulturei.ch?id=119","global_id_lineage":["www.kulturei.ch?id=119"]},"organizer":[{"id":173,"author":"1","status":"publish","date":"2016-08-25 09:49:54","date_utc":"2016-08-25 07:49:54","modified":"2016-08-25 09:49:54","modified_utc":"2016-08-25 07:49:54","url":"https:\/\/www.kulturei.ch\/?tribe_organizer=kulturei","organizer":"Kulturei","slug":"kulturei","email":"info@kulturei.ch","json_ld":{"@type":"Person","name":"Kulturei","description":"","url":"","telephone":"","email":"info&#64;&#107;ul&#116;&#117;r&#101;i.&#99;h","sameAs":""},"global_id":"www.kulturei.ch?id=173","global_id_lineage":["www.kulturei.ch?id=173"]}],"custom_fields":[],"json_ld":{"@context":"http:\/\/schema.org","@type":"Event","name":"Architekturvortrag Winterthur mit Dieter Schnell","description":"&lt;p&gt;Die Stadt Winterthur steht seit Jahrhunderten im Schatten von Z\u00fcrich und doch leistet sie sich ein eigenes Gesicht, das immer wieder \u00fcberraschend eigenst\u00e4ndig ist. Keine andere Stadt im Einflussgebiet von Z\u00fcrich tritt so selbstbewusst auf und ist damit so erfolgreich &hellip; &lt;a href=&quot;https:\/\/www.kulturei.ch\/?tribe_events=architekturvortrag-winterthur-mit-dieter-schnell&quot;&gt;Weiterlesen &lt;span class=&quot;meta-nav&quot;&gt;&rarr;&lt;\/span&gt;&lt;\/a&gt;&lt;\/p&gt;\\n","image":"https:\/\/www.kulturei.ch\/wp-content\/uploads\/2022\/02\/Architektur.jpg","url":"https:\/\/www.kulturei.ch\/?tribe_events=architekturvortrag-winterthur-mit-dieter-schnell","eventAttendanceMode":"https:\/\/schema.org\/OfflineEventAttendanceMode","eventStatus":"https:\/\/schema.org\/EventScheduled","startDate":"2022-04-27T20:00:00+02:00","endDate":"2022-04-27T20:00:00+02:00","location":{"@type":"Place","name":"Landgasthof B\u00e4ren","description":"","url":"","address":{"@type":"PostalAddress","streetAddress":"Marktgasse 1","addressLocality":"Sumiswald","addressRegion":"Bern","postalCode":"3454","addressCountry":"Schweiz"},"telephone":"","sameAs":""},"organizer":{"@type":"Person","name":"Kulturei","description":"","url":"","telephone":"","email":"&#105;nf&#111;&#64;ku&#108;&#116;&#117;re&#105;.&#99;&#104;","sameAs":""},"performer":"Organization"},"ticketed":false}